{"id":43385,"date":"2018-11-12T10:10:55","date_gmt":"2018-11-12T13:10:55","guid":{"rendered":"https:\/\/eldiariodesanpedro.com.ar\/sitio\/?p=43385"},"modified":"2018-11-12T10:10:55","modified_gmt":"2018-11-12T13:10:55","slug":"un-mujer-aprehendida-por-violar-restriccion-perimetral","status":"publish","type":"post","link":"https:\/\/eldiariodesanpedro.com.ar\/sitio\/un-mujer-aprehendida-por-violar-restriccion-perimetral\/","title":{"rendered":"Un mujer aprehendida por violar restriccion perimetral"},"content":{"rendered":"<p><!-- VideographyWP Plugin Message: Automatic video embedding prevented by plugin options. --><br \/>\nEste domingo en horas de la ma\u00f1ana, se procede a la aprehensi\u00f3n de una mujer mayor de edad, quien posee prohibici\u00f3n de acercamiento vigente, otorgado por Juzgado de Paz Letrado San Pedro, contra vivienda de su ex pareja. <\/p>\n<p>Actuaciones con intervenci\u00f3n de la UFI N\u00ba 11 Dptal., disponi\u00e9ndose notificaci\u00f3n de la causa, recaudos legales, posterior libertad.<\/p>\n","protected":false},"excerpt":{"rendered":"<p>Este domingo en horas de la ma\u00f1ana, se procede a la aprehensi\u00f3n de una mujer mayor de edad, quien posee prohibici\u00f3n de acercamiento vigente, otorgado por Juzgado de Paz Letrado San Pedro, contra vivienda de su ex pareja. Actuaciones con intervenci\u00f3n de la UFI N\u00ba 11 Dptal., disponi\u00e9ndose notificaci\u00f3n de la causa, recaudos legales, posterior [&hellip;]<\/p>\n","protected":false},"author":4,"featured_media":20413,"comment_status":"open","ping_status":"closed","sticky":false,"template":"","format":"standard","meta":{"om_disable_all_campaigns":false,"_jetpack_memberships_contains_paid_content":false,"footnotes":""},"categories":[2,103],"tags":[],"class_list":["post-43385","post","type-post","status-publish","format-standard","has-post-thumbnail","hentry","category-locales","category-policiales-locales"],"aioseo_notices":[],"gutentor_comment":0,"jetpack_featured_media_url":"https:\/\/eldiariodesanpedro.com.ar\/sitio\/wp-content\/uploads\/2017\/07\/Mujer-detenida-ilustrativa.jpg","jetpack_shortlink":"https:\/\/wp.me\/p6RhLt-bhL","jetpack_sharing_enabled":true,"_links":{"self":[{"href":"https:\/\/eldiariodesanpedro.com.ar\/sitio\/wp-json\/wp\/v2\/posts\/43385","targetHints":{"allow":["GET"]}}],"collection":[{"href":"https:\/\/eldiariodesanpedro.com.ar\/sitio\/wp-json\/wp\/v2\/posts"}],"about":[{"href":"https:\/\/eldiariodesanpedro.com.ar\/sitio\/wp-json\/wp\/v2\/types\/post"}],"author":[{"embeddable":true,"href":"https:\/\/eldiariodesanpedro.com.ar\/sitio\/wp-json\/wp\/v2\/users\/4"}],"replies":[{"embeddable":true,"href":"https:\/\/eldiariodesanpedro.com.ar\/sitio\/wp-json\/wp\/v2\/comments?post=43385"}],"version-history":[{"count":1,"href":"https:\/\/eldiariodesanpedro.com.ar\/sitio\/wp-json\/wp\/v2\/posts\/43385\/revisions"}],"predecessor-version":[{"id":43389,"href":"https:\/\/eldiariodesanpedro.com.ar\/sitio\/wp-json\/wp\/v2\/posts\/43385\/revisions\/43389"}],"wp:featuredmedia":[{"embeddable":true,"href":"https:\/\/eldiariodesanpedro.com.ar\/sitio\/wp-json\/wp\/v2\/media\/20413"}],"wp:attachment":[{"href":"https:\/\/eldiariodesanpedro.com.ar\/sitio\/wp-json\/wp\/v2\/media?parent=43385"}],"wp:term":[{"taxonomy":"category","embeddable":true,"href":"https:\/\/eldiariodesanpedro.com.ar\/sitio\/wp-json\/wp\/v2\/categories?post=43385"},{"taxonomy":"post_tag","embeddable":true,"href":"https:\/\/eldiariodesanpedro.com.ar\/sitio\/wp-json\/wp\/v2\/tags?post=43385"}],"curies":[{"name":"wp","href":"https:\/\/api.w.org\/{rel}","templated":true}]}}