{"id":43381,"date":"2018-11-12T10:09:57","date_gmt":"2018-11-12T13:09:57","guid":{"rendered":"https:\/\/eldiariodesanpedro.com.ar\/sitio\/?p=43381"},"modified":"2018-11-12T10:09:57","modified_gmt":"2018-11-12T13:09:57","slug":"desde-el-17-al-20-de-noviembre-se-realizara-el-concurso-nacional-de-aeromodelismo","status":"publish","type":"post","link":"https:\/\/eldiariodesanpedro.com.ar\/sitio\/desde-el-17-al-20-de-noviembre-se-realizara-el-concurso-nacional-de-aeromodelismo\/","title":{"rendered":"Desde el 17 al 20 de Noviembre se realizar\u00e1 el Concurso Nacional de Aeromodelismo"},"content":{"rendered":"<p><!-- VideographyWP Plugin Message: Automatic video embedding prevented by plugin options. --><br \/>\nEste fin de semana, del 17 al 20 de Noviembre se realizar\u00e1 una nueva edici\u00f3n del Concurso Nacional de Aeromodelismo. El evento se realizar\u00e1 en el Aero Club San Pedro con el apoyo de la Municipalidad. La invitaci\u00f3n es para todas las personas, de distintas edades que quieran participar del torneo y disfrutar de este espectaculo.<\/p>\n<p>El presidente del Aero Club estuvo en conferencia de prensa con la Directora de Turismo, Marcela Cu\u00f1er y el representante de la Federaci\u00f3n de Aeromodelismo que nos contaba:<\/p>\n<p>\u00abLa Federaci\u00f3n tiene mas de 40 categorias, por los niveles de aviones, helic\u00f3pteros y tablones, ahora se va hacer un campeonato de la categor\u00eda F3A, que es una de las principales, se compite a nivel Internacional, este a\u00f1o le toco a San Pedro es el Nacional N\u00ba72\u00bb<\/p>\n<p>El torneo esta previsto para las 9 de la ma\u00f1ana de este sabado hasta alrededor de las 16hs, siguiendo los dias, domingo y lunes, cual el d\u00eda mas atractivo ser\u00e1 el domingo donde un piloto invitado va a realizar una exhibici\u00f3n con una avi\u00f3n destacando distintas maniobras en el cielo.<\/p>\n<p>\u00abEs una fiesta para la Federaci\u00f3n porque se unen todos los pilotos del pa\u00eds, de aqu\u00ed salen los campeones argentinos\u00bb finalizo.<\/p>\n<p><img decoding=\"async\" data-attachment-id=\"43384\" data-permalink=\"https:\/\/eldiariodesanpedro.com.ar\/sitio\/desde-el-17-al-20-de-noviembre-se-realizara-el-concurso-nacional-de-aeromodelismo\/whatsapp-image-2018-11-12-at-09-16-44\/\" data-orig-file=\"https:\/\/eldiariodesanpedro.com.ar\/sitio\/wp-content\/uploads\/2018\/11\/WhatsApp-Image-2018-11-12-at-09.16.44.jpeg\" data-orig-size=\"1280,622\" data-comments-opened=\"1\" data-image-meta=\"{&quot;aperture&quot;:&quot;0&quot;,&quot;credit&quot;:&quot;&quot;,&quot;camera&quot;:&quot;&quot;,&quot;caption&quot;:&quot;&quot;,&quot;created_timestamp&quot;:&quot;0&quot;,&quot;copyright&quot;:&quot;&quot;,&quot;focal_length&quot;:&quot;0&quot;,&quot;iso&quot;:&quot;0&quot;,&quot;shutter_speed&quot;:&quot;0&quot;,&quot;title&quot;:&quot;&quot;,&quot;orientation&quot;:&quot;0&quot;}\" data-image-title=\"WhatsApp Image 2018-11-12 at 09.16.44\" data-image-description=\"\" data-image-caption=\"\" data-large-file=\"https:\/\/eldiariodesanpedro.com.ar\/sitio\/wp-content\/uploads\/2018\/11\/WhatsApp-Image-2018-11-12-at-09.16.44-1024x498.jpeg\" data-src=\"https:\/\/eldiariodesanpedro.com.ar\/sitio\/wp-content\/uploads\/2018\/11\/WhatsApp-Image-2018-11-12-at-09.16.44-1024x498.jpeg\" alt=\"\" width=\"660\" height=\"321\" class=\"alignnone size-large wp-image-43384 lazyload\" data-srcset=\"https:\/\/eldiariodesanpedro.com.ar\/sitio\/wp-content\/uploads\/2018\/11\/WhatsApp-Image-2018-11-12-at-09.16.44-1024x498.jpeg 1024w, https:\/\/eldiariodesanpedro.com.ar\/sitio\/wp-content\/uploads\/2018\/11\/WhatsApp-Image-2018-11-12-at-09.16.44-300x146.jpeg 300w, https:\/\/eldiariodesanpedro.com.ar\/sitio\/wp-content\/uploads\/2018\/11\/WhatsApp-Image-2018-11-12-at-09.16.44-768x373.jpeg 768w, https:\/\/eldiariodesanpedro.com.ar\/sitio\/wp-content\/uploads\/2018\/11\/WhatsApp-Image-2018-11-12-at-09.16.44.jpeg 1280w\" data-sizes=\"(max-width: 660px) 100vw, 660px\" src=\"data:image\/svg+xml;base64,PHN2ZyB3aWR0aD0iMSIgaGVpZ2h0PSIxIiB4bWxucz0iaHR0cDovL3d3dy53My5vcmcvMjAwMC9zdmciPjwvc3ZnPg==\" style=\"--smush-placeholder-width: 660px; --smush-placeholder-aspect-ratio: 660\/321;\" \/><\/p>\n<p><img decoding=\"async\" data-attachment-id=\"43387\" data-permalink=\"https:\/\/eldiariodesanpedro.com.ar\/sitio\/desde-el-17-al-20-de-noviembre-se-realizara-el-concurso-nacional-de-aeromodelismo\/whatsapp-image-2018-11-12-at-09-16-45\/\" data-orig-file=\"https:\/\/eldiariodesanpedro.com.ar\/sitio\/wp-content\/uploads\/2018\/11\/WhatsApp-Image-2018-11-12-at-09.16.45.jpeg\" data-orig-size=\"1280,622\" data-comments-opened=\"1\" data-image-meta=\"{&quot;aperture&quot;:&quot;0&quot;,&quot;credit&quot;:&quot;&quot;,&quot;camera&quot;:&quot;&quot;,&quot;caption&quot;:&quot;&quot;,&quot;created_timestamp&quot;:&quot;0&quot;,&quot;copyright&quot;:&quot;&quot;,&quot;focal_length&quot;:&quot;0&quot;,&quot;iso&quot;:&quot;0&quot;,&quot;shutter_speed&quot;:&quot;0&quot;,&quot;title&quot;:&quot;&quot;,&quot;orientation&quot;:&quot;0&quot;}\" data-image-title=\"WhatsApp Image 2018-11-12 at 09.16.45\" data-image-description=\"\" data-image-caption=\"\" data-large-file=\"https:\/\/eldiariodesanpedro.com.ar\/sitio\/wp-content\/uploads\/2018\/11\/WhatsApp-Image-2018-11-12-at-09.16.45-1024x498.jpeg\" data-src=\"https:\/\/eldiariodesanpedro.com.ar\/sitio\/wp-content\/uploads\/2018\/11\/WhatsApp-Image-2018-11-12-at-09.16.45-1024x498.jpeg\" alt=\"\" width=\"660\" height=\"321\" class=\"alignnone size-large wp-image-43387 lazyload\" data-srcset=\"https:\/\/eldiariodesanpedro.com.ar\/sitio\/wp-content\/uploads\/2018\/11\/WhatsApp-Image-2018-11-12-at-09.16.45-1024x498.jpeg 1024w, https:\/\/eldiariodesanpedro.com.ar\/sitio\/wp-content\/uploads\/2018\/11\/WhatsApp-Image-2018-11-12-at-09.16.45-300x146.jpeg 300w, https:\/\/eldiariodesanpedro.com.ar\/sitio\/wp-content\/uploads\/2018\/11\/WhatsApp-Image-2018-11-12-at-09.16.45-768x373.jpeg 768w, https:\/\/eldiariodesanpedro.com.ar\/sitio\/wp-content\/uploads\/2018\/11\/WhatsApp-Image-2018-11-12-at-09.16.45.jpeg 1280w\" data-sizes=\"(max-width: 660px) 100vw, 660px\" src=\"data:image\/svg+xml;base64,PHN2ZyB3aWR0aD0iMSIgaGVpZ2h0PSIxIiB4bWxucz0iaHR0cDovL3d3dy53My5vcmcvMjAwMC9zdmciPjwvc3ZnPg==\" style=\"--smush-placeholder-width: 660px; --smush-placeholder-aspect-ratio: 660\/321;\" \/><\/p>\n","protected":false},"excerpt":{"rendered":"<p>Este fin de semana, del 17 al 20 de Noviembre se realizar\u00e1 una nueva edici\u00f3n del Concurso Nacional de Aeromodelismo. El evento se realizar\u00e1 en el Aero Club San Pedro con el apoyo de la Municipalidad. La invitaci\u00f3n es para todas las personas, de distintas edades que quieran participar del torneo y disfrutar de este [&hellip;]<\/p>\n","protected":false},"author":4,"featured_media":43386,"comment_status":"open","ping_status":"closed","sticky":false,"template":"","format":"standard","meta":{"om_disable_all_campaigns":false,"_jetpack_memberships_contains_paid_content":false,"footnotes":""},"categories":[50,101,2],"tags":[],"class_list":["post-43381","post","type-post","status-publish","format-standard","has-post-thumbnail","hentry","category-destacadas","category-interes-general-locales","category-locales"],"aioseo_notices":[],"gutentor_comment":0,"jetpack_featured_media_url":"https:\/\/eldiariodesanpedro.com.ar\/sitio\/wp-content\/uploads\/2018\/11\/WhatsApp-Image-2018-11-12-at-09.16.44.jpg","jetpack_shortlink":"https:\/\/wp.me\/p6RhLt-bhH","jetpack_sharing_enabled":true,"_links":{"self":[{"href":"https:\/\/eldiariodesanpedro.com.ar\/sitio\/wp-json\/wp\/v2\/posts\/43381","targetHints":{"allow":["GET"]}}],"collection":[{"href":"https:\/\/eldiariodesanpedro.com.ar\/sitio\/wp-json\/wp\/v2\/posts"}],"about":[{"href":"https:\/\/eldiariodesanpedro.com.ar\/sitio\/wp-json\/wp\/v2\/types\/post"}],"author":[{"embeddable":true,"href":"https:\/\/eldiariodesanpedro.com.ar\/sitio\/wp-json\/wp\/v2\/users\/4"}],"replies":[{"embeddable":true,"href":"https:\/\/eldiariodesanpedro.com.ar\/sitio\/wp-json\/wp\/v2\/comments?post=43381"}],"version-history":[{"count":1,"href":"https:\/\/eldiariodesanpedro.com.ar\/sitio\/wp-json\/wp\/v2\/posts\/43381\/revisions"}],"predecessor-version":[{"id":43388,"href":"https:\/\/eldiariodesanpedro.com.ar\/sitio\/wp-json\/wp\/v2\/posts\/43381\/revisions\/43388"}],"wp:featuredmedia":[{"embeddable":true,"href":"https:\/\/eldiariodesanpedro.com.ar\/sitio\/wp-json\/wp\/v2\/media\/43386"}],"wp:attachment":[{"href":"https:\/\/eldiariodesanpedro.com.ar\/sitio\/wp-json\/wp\/v2\/media?parent=43381"}],"wp:term":[{"taxonomy":"category","embeddable":true,"href":"https:\/\/eldiariodesanpedro.com.ar\/sitio\/wp-json\/wp\/v2\/categories?post=43381"},{"taxonomy":"post_tag","embeddable":true,"href":"https:\/\/eldiariodesanpedro.com.ar\/sitio\/wp-json\/wp\/v2\/tags?post=43381"}],"curies":[{"name":"wp","href":"https:\/\/api.w.org\/{rel}","templated":true}]}}