{"id":43378,"date":"2018-11-12T08:51:01","date_gmt":"2018-11-12T11:51:01","guid":{"rendered":"https:\/\/eldiariodesanpedro.com.ar\/sitio\/?p=43378"},"modified":"2026-01-24T00:09:05","modified_gmt":"2026-01-24T03:09:05","slug":"club-nautico-el-9-de-diciembre-sera-la-entrega-de-los-premios-paulino","status":"publish","type":"post","link":"https:\/\/eldiariodesanpedro.com.ar\/sitio\/club-nautico-el-9-de-diciembre-sera-la-entrega-de-los-premios-paulino\/","title":{"rendered":"Club N\u00e1utico: El 9 de Diciembre ser\u00e1 la entrega de los premios Paulino"},"content":{"rendered":"<p><!-- VideographyWP Plugin Message: Automatic video embedding prevented by plugin options. --><br \/>\nEl Club N\u00e1utico San Pedro entregar\u00e1 el pr\u00f3ximo domingo 9 de diciembre el tradicional premio que distingue a sus deportistas desde 1985. <\/p>\n<p>La 34\u00aa edici\u00f3n del evento comenzara a las 20hs, como siempre considerando que no se pueden repetir los ganadores, hay premios especiales para quienes han tenido este a\u00f1o un desempe\u00f1o sobresaliente tanto en lo individual como en lo colectivo, y se entregar\u00e1n adem\u00e1s las Menciones Capit\u00e1n Monteverde y reconocimientos especiales. <\/p>\n<p>La fiesta ser\u00e1 frente al Sal\u00f3n Social y comenzar\u00e1 a las 20.  <\/p>\n<p>Estos son los ternados  de los Paulinos:<\/p>\n<p>Hockey:<\/p>\n<p>Lucia Regueiro<\/p>\n<p>Micaela Garc\u00eda<\/p>\n<p>Alba Correa<\/p>\n<p>Nataci\u00f3n<\/p>\n<p>Nazareno Molina<\/p>\n<p>Valent\u00edn Melgar<\/p>\n<p>Antonio \u00c1lvarez<\/p>\n<p>Tenis<\/p>\n<p>Felipe Bonafina<\/p>\n<p>M\u00e1ximo Y\u00e1\u00f1ez<\/p>\n<p>Cruz Y\u00e1\u00f1ez<\/p>\n<p>Voleibol<\/p>\n<p>M\u00e1ximo Dom\u00ednguez<\/p>\n<p>Mart\u00edn Mantovani<\/p>\n<p>Gonzalo Lardiez<\/p>\n<p>B\u00e1squetbol<\/p>\n<p>Luca Penduzzu<\/p>\n<p>Thomas Watson<\/p>\n<p>Maximiliano Lococco<\/p>\n<p>Canotaje<\/p>\n<p>Lisandro Butti<\/p>\n<p>Tom\u00e1s P\u00e9rez<\/p>\n<p>Melina S\u00e1nchez<\/p>\n<p>Yachting<\/p>\n<p>Nahuel Malalcalza<\/p>\n<p>Marco Limardo<\/p>\n<p>Lucio Fenouil<\/p>\n","protected":false},"excerpt":{"rendered":"<p>El Club N\u00e1utico San Pedro entregar\u00e1 el pr\u00f3ximo domingo 9 de diciembre el tradicional premio que distingue a sus deportistas desde 1985. La 34\u00aa edici\u00f3n del evento comenzara a las 20hs, como siempre considerando que no se pueden repetir los ganadores, hay premios especiales para quienes han tenido este a\u00f1o un desempe\u00f1o sobresaliente tanto en [&hellip;]<\/p>\n","protected":false},"author":4,"featured_media":43379,"comment_status":"open","ping_status":"closed","sticky":false,"template":"","format":"standard","meta":{"om_disable_all_campaigns":false,"_jetpack_memberships_contains_paid_content":false,"footnotes":""},"categories":[5],"tags":[],"class_list":["post-43378","post","type-post","status-publish","format-standard","has-post-thumbnail","hentry","category-deportes"],"aioseo_notices":[],"gutentor_comment":0,"jetpack_featured_media_url":"https:\/\/eldiariodesanpedro.com.ar\/sitio\/wp-content\/uploads\/2018\/11\/paulinos-2018-foto.jpg","jetpack_shortlink":"https:\/\/wp.me\/p6RhLt-bhE","jetpack_sharing_enabled":true,"_links":{"self":[{"href":"https:\/\/eldiariodesanpedro.com.ar\/sitio\/wp-json\/wp\/v2\/posts\/43378","targetHints":{"allow":["GET"]}}],"collection":[{"href":"https:\/\/eldiariodesanpedro.com.ar\/sitio\/wp-json\/wp\/v2\/posts"}],"about":[{"href":"https:\/\/eldiariodesanpedro.com.ar\/sitio\/wp-json\/wp\/v2\/types\/post"}],"author":[{"embeddable":true,"href":"https:\/\/eldiariodesanpedro.com.ar\/sitio\/wp-json\/wp\/v2\/users\/4"}],"replies":[{"embeddable":true,"href":"https:\/\/eldiariodesanpedro.com.ar\/sitio\/wp-json\/wp\/v2\/comments?post=43378"}],"version-history":[{"count":1,"href":"https:\/\/eldiariodesanpedro.com.ar\/sitio\/wp-json\/wp\/v2\/posts\/43378\/revisions"}],"predecessor-version":[{"id":43380,"href":"https:\/\/eldiariodesanpedro.com.ar\/sitio\/wp-json\/wp\/v2\/posts\/43378\/revisions\/43380"}],"wp:featuredmedia":[{"embeddable":true,"href":"https:\/\/eldiariodesanpedro.com.ar\/sitio\/wp-json\/wp\/v2\/media\/43379"}],"wp:attachment":[{"href":"https:\/\/eldiariodesanpedro.com.ar\/sitio\/wp-json\/wp\/v2\/media?parent=43378"}],"wp:term":[{"taxonomy":"category","embeddable":true,"href":"https:\/\/eldiariodesanpedro.com.ar\/sitio\/wp-json\/wp\/v2\/categories?post=43378"},{"taxonomy":"post_tag","embeddable":true,"href":"https:\/\/eldiariodesanpedro.com.ar\/sitio\/wp-json\/wp\/v2\/tags?post=43378"}],"curies":[{"name":"wp","href":"https:\/\/api.w.org\/{rel}","templated":true}]}}