{"id":43372,"date":"2018-11-11T21:10:42","date_gmt":"2018-11-12T00:10:42","guid":{"rendered":"https:\/\/eldiariodesanpedro.com.ar\/sitio\/?p=43372"},"modified":"2018-11-11T21:10:42","modified_gmt":"2018-11-12T00:10:42","slug":"se-recuperaron-dos-motores-en-un-allanamiento","status":"publish","type":"post","link":"https:\/\/eldiariodesanpedro.com.ar\/sitio\/se-recuperaron-dos-motores-en-un-allanamiento\/","title":{"rendered":"Se recuperaron dos motores en un allanamiento"},"content":{"rendered":"<p><!-- VideographyWP Plugin Message: Automatic video embedding prevented by plugin options. --><br \/>\nLa polic\u00eda realiz\u00f3 diligencia de allanamiento este viernes en horas de la tarde en calle Pav\u00f3n al 700, secuestrando dos motores el\u00e9ctricos que se buscaban en el marco de un hecho de robo denunciado en el mes de septiembre del corriente a\u00f1o. Para moradores de la vivienda allanada, se cumplen recaudos legales dispuesto por la fiscal\u00eda en turno de San Pedro.<\/p>\n","protected":false},"excerpt":{"rendered":"<p>La polic\u00eda realiz\u00f3 diligencia de allanamiento este viernes en horas de la tarde en calle Pav\u00f3n al 700, secuestrando dos motores el\u00e9ctricos que se buscaban en el marco de un hecho de robo denunciado en el mes de septiembre del corriente a\u00f1o. Para moradores de la vivienda allanada, se cumplen recaudos legales dispuesto por la [&hellip;]<\/p>\n","protected":false},"author":4,"featured_media":27346,"comment_status":"open","ping_status":"closed","sticky":false,"template":"","format":"standard","meta":{"om_disable_all_campaigns":false,"_jetpack_memberships_contains_paid_content":false,"footnotes":""},"categories":[2,103],"tags":[],"class_list":["post-43372","post","type-post","status-publish","format-standard","has-post-thumbnail","hentry","category-locales","category-policiales-locales"],"aioseo_notices":[],"gutentor_comment":0,"jetpack_featured_media_url":"https:\/\/eldiariodesanpedro.com.ar\/sitio\/wp-content\/uploads\/2017\/12\/policia-distrital.jpg","jetpack_shortlink":"https:\/\/wp.me\/p6RhLt-bhy","jetpack_sharing_enabled":true,"_links":{"self":[{"href":"https:\/\/eldiariodesanpedro.com.ar\/sitio\/wp-json\/wp\/v2\/posts\/43372","targetHints":{"allow":["GET"]}}],"collection":[{"href":"https:\/\/eldiariodesanpedro.com.ar\/sitio\/wp-json\/wp\/v2\/posts"}],"about":[{"href":"https:\/\/eldiariodesanpedro.com.ar\/sitio\/wp-json\/wp\/v2\/types\/post"}],"author":[{"embeddable":true,"href":"https:\/\/eldiariodesanpedro.com.ar\/sitio\/wp-json\/wp\/v2\/users\/4"}],"replies":[{"embeddable":true,"href":"https:\/\/eldiariodesanpedro.com.ar\/sitio\/wp-json\/wp\/v2\/comments?post=43372"}],"version-history":[{"count":2,"href":"https:\/\/eldiariodesanpedro.com.ar\/sitio\/wp-json\/wp\/v2\/posts\/43372\/revisions"}],"predecessor-version":[{"id":43377,"href":"https:\/\/eldiariodesanpedro.com.ar\/sitio\/wp-json\/wp\/v2\/posts\/43372\/revisions\/43377"}],"wp:featuredmedia":[{"embeddable":true,"href":"https:\/\/eldiariodesanpedro.com.ar\/sitio\/wp-json\/wp\/v2\/media\/27346"}],"wp:attachment":[{"href":"https:\/\/eldiariodesanpedro.com.ar\/sitio\/wp-json\/wp\/v2\/media?parent=43372"}],"wp:term":[{"taxonomy":"category","embeddable":true,"href":"https:\/\/eldiariodesanpedro.com.ar\/sitio\/wp-json\/wp\/v2\/categories?post=43372"},{"taxonomy":"post_tag","embeddable":true,"href":"https:\/\/eldiariodesanpedro.com.ar\/sitio\/wp-json\/wp\/v2\/tags?post=43372"}],"curies":[{"name":"wp","href":"https:\/\/api.w.org\/{rel}","templated":true}]}}