{"id":43366,"date":"2018-11-11T21:05:39","date_gmt":"2018-11-12T00:05:39","guid":{"rendered":"https:\/\/eldiariodesanpedro.com.ar\/sitio\/?p=43366"},"modified":"2018-11-11T21:05:39","modified_gmt":"2018-11-12T00:05:39","slug":"un-empleado-municipal-discutio-con-otro-por-problemas-gremiales","status":"publish","type":"post","link":"https:\/\/eldiariodesanpedro.com.ar\/sitio\/un-empleado-municipal-discutio-con-otro-por-problemas-gremiales\/","title":{"rendered":"Un empleado municipal discuti\u00f3 con otro por problemas gremiales"},"content":{"rendered":"<p><!-- VideographyWP Plugin Message: Automatic video embedding prevented by plugin options. --><br \/>\nEste viernes en horas de la ma\u00f1ana en la comisar\u00eda de nuestra ciudad se recibi\u00f3 la denuncia de un empleado municipal, que estando en su lugar de trabajo sector corral\u00f3n ubicado en calle Lucio Mansilla al 3700, fue increpado por otro empleado pero nucleado en otro gremio distinto al del denunciante, para luego amenazar de muerte con un machete. Investiga el hecho la fiscal\u00eda en turno de San Pedro.<\/p>\n","protected":false},"excerpt":{"rendered":"<p>Este viernes en horas de la ma\u00f1ana en la comisar\u00eda de nuestra ciudad se recibi\u00f3 la denuncia de un empleado municipal, que estando en su lugar de trabajo sector corral\u00f3n ubicado en calle Lucio Mansilla al 3700, fue increpado por otro empleado pero nucleado en otro gremio distinto al del denunciante, para luego amenazar de [&hellip;]<\/p>\n","protected":false},"author":4,"featured_media":16985,"comment_status":"open","ping_status":"closed","sticky":false,"template":"","format":"standard","meta":{"om_disable_all_campaigns":false,"_jetpack_memberships_contains_paid_content":false,"footnotes":""},"categories":[2,103],"tags":[],"class_list":["post-43366","post","type-post","status-publish","format-standard","has-post-thumbnail","hentry","category-locales","category-policiales-locales"],"aioseo_notices":[],"gutentor_comment":0,"jetpack_featured_media_url":"https:\/\/eldiariodesanpedro.com.ar\/sitio\/wp-content\/uploads\/2017\/04\/DSC_0218-e1491428995946.jpg","jetpack_shortlink":"https:\/\/wp.me\/p6RhLt-bhs","jetpack_sharing_enabled":true,"_links":{"self":[{"href":"https:\/\/eldiariodesanpedro.com.ar\/sitio\/wp-json\/wp\/v2\/posts\/43366","targetHints":{"allow":["GET"]}}],"collection":[{"href":"https:\/\/eldiariodesanpedro.com.ar\/sitio\/wp-json\/wp\/v2\/posts"}],"about":[{"href":"https:\/\/eldiariodesanpedro.com.ar\/sitio\/wp-json\/wp\/v2\/types\/post"}],"author":[{"embeddable":true,"href":"https:\/\/eldiariodesanpedro.com.ar\/sitio\/wp-json\/wp\/v2\/users\/4"}],"replies":[{"embeddable":true,"href":"https:\/\/eldiariodesanpedro.com.ar\/sitio\/wp-json\/wp\/v2\/comments?post=43366"}],"version-history":[{"count":2,"href":"https:\/\/eldiariodesanpedro.com.ar\/sitio\/wp-json\/wp\/v2\/posts\/43366\/revisions"}],"predecessor-version":[{"id":43373,"href":"https:\/\/eldiariodesanpedro.com.ar\/sitio\/wp-json\/wp\/v2\/posts\/43366\/revisions\/43373"}],"wp:featuredmedia":[{"embeddable":true,"href":"https:\/\/eldiariodesanpedro.com.ar\/sitio\/wp-json\/wp\/v2\/media\/16985"}],"wp:attachment":[{"href":"https:\/\/eldiariodesanpedro.com.ar\/sitio\/wp-json\/wp\/v2\/media?parent=43366"}],"wp:term":[{"taxonomy":"category","embeddable":true,"href":"https:\/\/eldiariodesanpedro.com.ar\/sitio\/wp-json\/wp\/v2\/categories?post=43366"},{"taxonomy":"post_tag","embeddable":true,"href":"https:\/\/eldiariodesanpedro.com.ar\/sitio\/wp-json\/wp\/v2\/tags?post=43366"}],"curies":[{"name":"wp","href":"https:\/\/api.w.org\/{rel}","templated":true}]}}