{"id":43365,"date":"2018-11-11T21:04:40","date_gmt":"2018-11-12T00:04:40","guid":{"rendered":"https:\/\/eldiariodesanpedro.com.ar\/sitio\/?p=43365"},"modified":"2018-11-11T21:04:40","modified_gmt":"2018-11-12T00:04:40","slug":"dos-aprehendido-por-resistencia-a-la-autoridad","status":"publish","type":"post","link":"https:\/\/eldiariodesanpedro.com.ar\/sitio\/dos-aprehendido-por-resistencia-a-la-autoridad\/","title":{"rendered":"Dos aprehendido por resistencia a la autoridad"},"content":{"rendered":"<p><!-- VideographyWP Plugin Message: Automatic video embedding prevented by plugin options. --><br \/>\nEste s\u00e1bado alrededor de las  20:30 hs  tras r\u00e1pido proceder de los efectivos policiales en  calle Thorne y 3 de Febrero aprehendi\u00f3 a masculino de 19 a\u00f1os de edad, quien circulaba en una bicicleta d\u00e1ndose a la fuga de operativo de control e identificaci\u00f3n que se desarrollaba en Nuestra Se\u00f1ora del Socorro y 3 de Febrero.<br \/>\nIntervino la fiscal\u00eda en turno de San Pedro, se tom\u00f3 recaudos legales para el aprehendido y su posterior libertad.<br \/>\nEl Mismo dia a las 23.15 hs en Gral. Pueyrredon y Belgrano aprehendio a un masculino de 36 a\u00f1os quien se encontraba provocando desorden en la via publica en aparente estado de ebriedad. En  el proceder el sujeto agresivo propina cabezazo sobre efectivo policial, provocandole lesiones leves en rostro. Fue aprehendido quedando a dispicion de la fiscal\u00eda en turno de San Pedro.<\/p>\n","protected":false},"excerpt":{"rendered":"<p>Este s\u00e1bado alrededor de las 20:30 hs tras r\u00e1pido proceder de los efectivos policiales en calle Thorne y 3 de Febrero aprehendi\u00f3 a masculino de 19 a\u00f1os de edad, quien circulaba en una bicicleta d\u00e1ndose a la fuga de operativo de control e identificaci\u00f3n que se desarrollaba en Nuestra Se\u00f1ora del Socorro y 3 de [&hellip;]<\/p>\n","protected":false},"author":4,"featured_media":2518,"comment_status":"open","ping_status":"closed","sticky":false,"template":"","format":"standard","meta":{"om_disable_all_campaigns":false,"_jetpack_memberships_contains_paid_content":false,"footnotes":""},"categories":[2,103],"tags":[],"class_list":["post-43365","post","type-post","status-publish","format-standard","has-post-thumbnail","hentry","category-locales","category-policiales-locales"],"aioseo_notices":[],"gutentor_comment":0,"jetpack_featured_media_url":"https:\/\/eldiariodesanpedro.com.ar\/sitio\/wp-content\/uploads\/2016\/03\/detenidos.jpg","jetpack_shortlink":"https:\/\/wp.me\/p6RhLt-bhr","jetpack_sharing_enabled":true,"_links":{"self":[{"href":"https:\/\/eldiariodesanpedro.com.ar\/sitio\/wp-json\/wp\/v2\/posts\/43365","targetHints":{"allow":["GET"]}}],"collection":[{"href":"https:\/\/eldiariodesanpedro.com.ar\/sitio\/wp-json\/wp\/v2\/posts"}],"about":[{"href":"https:\/\/eldiariodesanpedro.com.ar\/sitio\/wp-json\/wp\/v2\/types\/post"}],"author":[{"embeddable":true,"href":"https:\/\/eldiariodesanpedro.com.ar\/sitio\/wp-json\/wp\/v2\/users\/4"}],"replies":[{"embeddable":true,"href":"https:\/\/eldiariodesanpedro.com.ar\/sitio\/wp-json\/wp\/v2\/comments?post=43365"}],"version-history":[{"count":1,"href":"https:\/\/eldiariodesanpedro.com.ar\/sitio\/wp-json\/wp\/v2\/posts\/43365\/revisions"}],"predecessor-version":[{"id":43369,"href":"https:\/\/eldiariodesanpedro.com.ar\/sitio\/wp-json\/wp\/v2\/posts\/43365\/revisions\/43369"}],"wp:featuredmedia":[{"embeddable":true,"href":"https:\/\/eldiariodesanpedro.com.ar\/sitio\/wp-json\/wp\/v2\/media\/2518"}],"wp:attachment":[{"href":"https:\/\/eldiariodesanpedro.com.ar\/sitio\/wp-json\/wp\/v2\/media?parent=43365"}],"wp:term":[{"taxonomy":"category","embeddable":true,"href":"https:\/\/eldiariodesanpedro.com.ar\/sitio\/wp-json\/wp\/v2\/categories?post=43365"},{"taxonomy":"post_tag","embeddable":true,"href":"https:\/\/eldiariodesanpedro.com.ar\/sitio\/wp-json\/wp\/v2\/tags?post=43365"}],"curies":[{"name":"wp","href":"https:\/\/api.w.org\/{rel}","templated":true}]}}