{"id":43362,"date":"2018-11-11T21:00:48","date_gmt":"2018-11-12T00:00:48","guid":{"rendered":"https:\/\/eldiariodesanpedro.com.ar\/sitio\/?p=43362"},"modified":"2018-11-11T21:00:48","modified_gmt":"2018-11-12T00:00:48","slug":"tres-menores-aprehendidos-con-elementos-robados","status":"publish","type":"post","link":"https:\/\/eldiariodesanpedro.com.ar\/sitio\/tres-menores-aprehendidos-con-elementos-robados\/","title":{"rendered":"Tres menores aprehendidos con elementos robados"},"content":{"rendered":"<p><!-- VideographyWP Plugin Message: Automatic video embedding prevented by plugin options. --><br \/>\nEste domingo en horas de la madrugada alrededor de la  01:15 hs efectivos de la comisar\u00eda local se hacen presente en calle Bottaro al 2500, donde aprehendi\u00f3 a tres j\u00f3venes de 14, 15 y 16 a\u00f1os de edad quienes sal\u00edan del patio de una vivienda  e intentaron fugar al ser advertidos por la polic\u00eda.<\/p>\n<p>Se Secuestr\u00f3 de ese patio una garrafa de 10 kg, una bater\u00eda sin marca y un destornillador, que ocultaba y que no eran propiedad de la moradora, una mujer de 23 a\u00f1os que desconoc\u00eda a los aprehendidos y la procedencia de los efectos, interviene la UFI Joven departamental de San Nicol\u00e1s tom\u00f3 recaudos, notificaci\u00f3n causa y entrega progenitores.<\/p>\n","protected":false},"excerpt":{"rendered":"<p>Este domingo en horas de la madrugada alrededor de la 01:15 hs efectivos de la comisar\u00eda local se hacen presente en calle Bottaro al 2500, donde aprehendi\u00f3 a tres j\u00f3venes de 14, 15 y 16 a\u00f1os de edad quienes sal\u00edan del patio de una vivienda e intentaron fugar al ser advertidos por la polic\u00eda. Se [&hellip;]<\/p>\n","protected":false},"author":4,"featured_media":7819,"comment_status":"open","ping_status":"closed","sticky":false,"template":"","format":"standard","meta":{"om_disable_all_campaigns":false,"_jetpack_memberships_contains_paid_content":false,"footnotes":""},"categories":[2,103],"tags":[],"class_list":["post-43362","post","type-post","status-publish","format-standard","has-post-thumbnail","hentry","category-locales","category-policiales-locales"],"aioseo_notices":[],"gutentor_comment":0,"jetpack_featured_media_url":"https:\/\/eldiariodesanpedro.com.ar\/sitio\/wp-content\/uploads\/2016\/09\/detenidos-esposados.jpg","jetpack_shortlink":"https:\/\/wp.me\/p6RhLt-bho","jetpack_sharing_enabled":true,"_links":{"self":[{"href":"https:\/\/eldiariodesanpedro.com.ar\/sitio\/wp-json\/wp\/v2\/posts\/43362","targetHints":{"allow":["GET"]}}],"collection":[{"href":"https:\/\/eldiariodesanpedro.com.ar\/sitio\/wp-json\/wp\/v2\/posts"}],"about":[{"href":"https:\/\/eldiariodesanpedro.com.ar\/sitio\/wp-json\/wp\/v2\/types\/post"}],"author":[{"embeddable":true,"href":"https:\/\/eldiariodesanpedro.com.ar\/sitio\/wp-json\/wp\/v2\/users\/4"}],"replies":[{"embeddable":true,"href":"https:\/\/eldiariodesanpedro.com.ar\/sitio\/wp-json\/wp\/v2\/comments?post=43362"}],"version-history":[{"count":2,"href":"https:\/\/eldiariodesanpedro.com.ar\/sitio\/wp-json\/wp\/v2\/posts\/43362\/revisions"}],"predecessor-version":[{"id":43368,"href":"https:\/\/eldiariodesanpedro.com.ar\/sitio\/wp-json\/wp\/v2\/posts\/43362\/revisions\/43368"}],"wp:featuredmedia":[{"embeddable":true,"href":"https:\/\/eldiariodesanpedro.com.ar\/sitio\/wp-json\/wp\/v2\/media\/7819"}],"wp:attachment":[{"href":"https:\/\/eldiariodesanpedro.com.ar\/sitio\/wp-json\/wp\/v2\/media?parent=43362"}],"wp:term":[{"taxonomy":"category","embeddable":true,"href":"https:\/\/eldiariodesanpedro.com.ar\/sitio\/wp-json\/wp\/v2\/categories?post=43362"},{"taxonomy":"post_tag","embeddable":true,"href":"https:\/\/eldiariodesanpedro.com.ar\/sitio\/wp-json\/wp\/v2\/tags?post=43362"}],"curies":[{"name":"wp","href":"https:\/\/api.w.org\/{rel}","templated":true}]}}