{"id":43358,"date":"2018-11-11T20:58:40","date_gmt":"2018-11-11T23:58:40","guid":{"rendered":"https:\/\/eldiariodesanpedro.com.ar\/sitio\/?p=43358"},"modified":"2018-11-11T20:58:40","modified_gmt":"2018-11-11T23:58:40","slug":"una-joven-aprehendida-por-tenencia-de-estupefacientes","status":"publish","type":"post","link":"https:\/\/eldiariodesanpedro.com.ar\/sitio\/una-joven-aprehendida-por-tenencia-de-estupefacientes\/","title":{"rendered":"Una joven aprehendida por tenencia de estupefacientes"},"content":{"rendered":"<p><!-- VideographyWP Plugin Message: Automatic video embedding prevented by plugin options. --><br \/>\nEste s\u00e1bado alrededor de las 18:30 hs el personal policial en el marco del operativo realizado en calle Lavalle y 11 de Septiembre, identific\u00f3 a una mujer de 32 a\u00f1os de edad, secuestrandose en su poder un envoltorio con marihuana.<br \/>\nAdem\u00e1s la aprehendida circulaba en una motocicleta con faltante de documentaci\u00f3n, la cual fue secuestrada.  La ciudadana qued\u00f3 a disposici\u00f3n de la fiscal\u00eda en turno de San Pedro, tras recaudos legales recuper\u00f3 su libertad.<\/p>\n","protected":false},"excerpt":{"rendered":"<p>Este s\u00e1bado alrededor de las 18:30 hs el personal policial en el marco del operativo realizado en calle Lavalle y 11 de Septiembre, identific\u00f3 a una mujer de 32 a\u00f1os de edad, secuestrandose en su poder un envoltorio con marihuana. Adem\u00e1s la aprehendida circulaba en una motocicleta con faltante de documentaci\u00f3n, la cual fue secuestrada. [&hellip;]<\/p>\n","protected":false},"author":4,"featured_media":27045,"comment_status":"open","ping_status":"closed","sticky":false,"template":"","format":"standard","meta":{"om_disable_all_campaigns":false,"_jetpack_memberships_contains_paid_content":false,"footnotes":""},"categories":[2,103],"tags":[],"class_list":["post-43358","post","type-post","status-publish","format-standard","has-post-thumbnail","hentry","category-locales","category-policiales-locales"],"aioseo_notices":[],"gutentor_comment":0,"jetpack_featured_media_url":"https:\/\/eldiariodesanpedro.com.ar\/sitio\/wp-content\/uploads\/2017\/12\/Detenida.jpg","jetpack_shortlink":"https:\/\/wp.me\/p6RhLt-bhk","jetpack_sharing_enabled":true,"_links":{"self":[{"href":"https:\/\/eldiariodesanpedro.com.ar\/sitio\/wp-json\/wp\/v2\/posts\/43358","targetHints":{"allow":["GET"]}}],"collection":[{"href":"https:\/\/eldiariodesanpedro.com.ar\/sitio\/wp-json\/wp\/v2\/posts"}],"about":[{"href":"https:\/\/eldiariodesanpedro.com.ar\/sitio\/wp-json\/wp\/v2\/types\/post"}],"author":[{"embeddable":true,"href":"https:\/\/eldiariodesanpedro.com.ar\/sitio\/wp-json\/wp\/v2\/users\/4"}],"replies":[{"embeddable":true,"href":"https:\/\/eldiariodesanpedro.com.ar\/sitio\/wp-json\/wp\/v2\/comments?post=43358"}],"version-history":[{"count":1,"href":"https:\/\/eldiariodesanpedro.com.ar\/sitio\/wp-json\/wp\/v2\/posts\/43358\/revisions"}],"predecessor-version":[{"id":43361,"href":"https:\/\/eldiariodesanpedro.com.ar\/sitio\/wp-json\/wp\/v2\/posts\/43358\/revisions\/43361"}],"wp:featuredmedia":[{"embeddable":true,"href":"https:\/\/eldiariodesanpedro.com.ar\/sitio\/wp-json\/wp\/v2\/media\/27045"}],"wp:attachment":[{"href":"https:\/\/eldiariodesanpedro.com.ar\/sitio\/wp-json\/wp\/v2\/media?parent=43358"}],"wp:term":[{"taxonomy":"category","embeddable":true,"href":"https:\/\/eldiariodesanpedro.com.ar\/sitio\/wp-json\/wp\/v2\/categories?post=43358"},{"taxonomy":"post_tag","embeddable":true,"href":"https:\/\/eldiariodesanpedro.com.ar\/sitio\/wp-json\/wp\/v2\/tags?post=43358"}],"curies":[{"name":"wp","href":"https:\/\/api.w.org\/{rel}","templated":true}]}}