{"id":43357,"date":"2018-11-11T20:58:34","date_gmt":"2018-11-11T23:58:34","guid":{"rendered":"https:\/\/eldiariodesanpedro.com.ar\/sitio\/?p=43357"},"modified":"2018-11-11T20:58:34","modified_gmt":"2018-11-11T23:58:34","slug":"entrega-de-kits-de-robotica-en-la-escuela-42-del-paraje-basso","status":"publish","type":"post","link":"https:\/\/eldiariodesanpedro.com.ar\/sitio\/entrega-de-kits-de-robotica-en-la-escuela-42-del-paraje-basso\/","title":{"rendered":"Entrega de kits de rob\u00f3tica en la Escuela 42 del Paraje Basso"},"content":{"rendered":"<p><!-- VideographyWP Plugin Message: Automatic video embedding prevented by plugin options. --><br \/>\nUn equipo de la Direcci\u00f3n General de Educaci\u00f3n de la Provincia de Buenos Aires lleg\u00f3 en la tarde de este viernes a la Escuela 42 del Paraje Basso. All\u00ed junto al Secretario de Gobierno Silvio Corti y al de Obras P\u00fablicas Ariel \u00c1lvarez, compartieron al entrega de tres kits de rob\u00f3tica que los alumnos comenzaron a probar con los capacitadores del \u00e1rea que est\u00e1 desarrollando este extraordinario plan escolar que los chicos reciben con gran entusiasmo.<br \/>\nLa Jefa Distrital de Educaci\u00f3n Mercedes Vell\u00f3n y el Subdirector Administrativo de la Direcci\u00f3n de Educaci\u00f3n Diego Taurizano explicaron junto a autoridades de la escuela, parte de las funciones que estos dispositivos tienen. El plan comprende a todas las primarias estatales de San Pedro que totalizan 39 y progresivamente ir\u00e1n recibiendo estos kits de rob\u00f3tica y programaci\u00f3n que totalizan m\u00e1s de 130.<br \/>\nLa mayor\u00eda de las escuelas ya tienen talleristas asignados que instruyen a los chicos sobre pensamiento computacional y programaci\u00f3n en las horas de matem\u00e1tica. Los establecimientos que no lleguen a recibir los materiales este a\u00f1o, los tendr\u00e1n a partir de Febrero del a\u00f1o pr\u00f3ximo para el comienzo del nuevo ciclo lectivo.<\/p>\n","protected":false},"excerpt":{"rendered":"<p>Un equipo de la Direcci\u00f3n General de Educaci\u00f3n de la Provincia de Buenos Aires lleg\u00f3 en la tarde de este viernes a la Escuela 42 del Paraje Basso. All\u00ed junto al Secretario de Gobierno Silvio Corti y al de Obras P\u00fablicas Ariel \u00c1lvarez, compartieron al entrega de tres kits de rob\u00f3tica que los alumnos comenzaron [&hellip;]<\/p>\n","protected":false},"author":4,"featured_media":43359,"comment_status":"open","ping_status":"closed","sticky":false,"template":"","format":"standard","meta":{"om_disable_all_campaigns":false,"_jetpack_memberships_contains_paid_content":false,"footnotes":""},"categories":[101,2],"tags":[],"class_list":["post-43357","post","type-post","status-publish","format-standard","has-post-thumbnail","hentry","category-interes-general-locales","category-locales"],"aioseo_notices":[],"gutentor_comment":0,"jetpack_featured_media_url":"https:\/\/eldiariodesanpedro.com.ar\/sitio\/wp-content\/uploads\/2018\/11\/PAGINA-4.jpg","jetpack_shortlink":"https:\/\/wp.me\/p6RhLt-bhj","jetpack_sharing_enabled":true,"_links":{"self":[{"href":"https:\/\/eldiariodesanpedro.com.ar\/sitio\/wp-json\/wp\/v2\/posts\/43357","targetHints":{"allow":["GET"]}}],"collection":[{"href":"https:\/\/eldiariodesanpedro.com.ar\/sitio\/wp-json\/wp\/v2\/posts"}],"about":[{"href":"https:\/\/eldiariodesanpedro.com.ar\/sitio\/wp-json\/wp\/v2\/types\/post"}],"author":[{"embeddable":true,"href":"https:\/\/eldiariodesanpedro.com.ar\/sitio\/wp-json\/wp\/v2\/users\/4"}],"replies":[{"embeddable":true,"href":"https:\/\/eldiariodesanpedro.com.ar\/sitio\/wp-json\/wp\/v2\/comments?post=43357"}],"version-history":[{"count":2,"href":"https:\/\/eldiariodesanpedro.com.ar\/sitio\/wp-json\/wp\/v2\/posts\/43357\/revisions"}],"predecessor-version":[{"id":43363,"href":"https:\/\/eldiariodesanpedro.com.ar\/sitio\/wp-json\/wp\/v2\/posts\/43357\/revisions\/43363"}],"wp:featuredmedia":[{"embeddable":true,"href":"https:\/\/eldiariodesanpedro.com.ar\/sitio\/wp-json\/wp\/v2\/media\/43359"}],"wp:attachment":[{"href":"https:\/\/eldiariodesanpedro.com.ar\/sitio\/wp-json\/wp\/v2\/media?parent=43357"}],"wp:term":[{"taxonomy":"category","embeddable":true,"href":"https:\/\/eldiariodesanpedro.com.ar\/sitio\/wp-json\/wp\/v2\/categories?post=43357"},{"taxonomy":"post_tag","embeddable":true,"href":"https:\/\/eldiariodesanpedro.com.ar\/sitio\/wp-json\/wp\/v2\/tags?post=43357"}],"curies":[{"name":"wp","href":"https:\/\/api.w.org\/{rel}","templated":true}]}}