{"id":43354,"date":"2018-11-11T20:51:30","date_gmt":"2018-11-11T23:51:30","guid":{"rendered":"https:\/\/eldiariodesanpedro.com.ar\/sitio\/?p=43354"},"modified":"2026-01-24T00:09:05","modified_gmt":"2026-01-24T03:09:05","slug":"atletismo-rodrigo-salazar-fue-subcampeon-en-el-nacional-de-mar-del-plata","status":"publish","type":"post","link":"https:\/\/eldiariodesanpedro.com.ar\/sitio\/atletismo-rodrigo-salazar-fue-subcampeon-en-el-nacional-de-mar-del-plata\/","title":{"rendered":"ATLETISMO: Rodrigo Salazar fue subcampe\u00f3n en el Nacional de Mar del Plata"},"content":{"rendered":"<p><!-- VideographyWP Plugin Message: Automatic video embedding prevented by plugin options. --><br \/>\nEl atleta sampedrino Rodrigo Salazar logr\u00f3 ubicarse en el podio en el Campeonato Nacional que se llev\u00f3 a cabo en Mar del Plata d\u00edas pasados. Lo logr\u00f3 en la categor\u00eda sub 23 en 3000 metros con obst\u00e1culos.<br \/>\nLos dirigidos por el Prof. Diego Marquine representaron a la Selecci\u00f3n de la Pcia. de Bs.As. en el Campeonato Argentino Sub 20 y Sub 23 que se disput\u00f3 en la pista del EMDER de la ciudad de Mar del Plata<br \/>\nRodrigo representa al Club Ciudad de Campana y en este caso junto a cinco atletas m\u00e1s de ese club lo hicieron como representantes de la Provincia de Buenos Aires con gran actuaci\u00f3n.<br \/>\nAgostina R\u00edos se consagr\u00f3 campeona nacional Sub 23 en heptatl\u00f3n; ya hab\u00eda conseguido el sub-campeonato nacional en esta prueba en la categor\u00eda mayor; Valent\u00edn Solis fue sub-campe\u00f3n nacional en 110 metros con vallas en la categor\u00eda Sub 20. Lara Barber\u00eda y Paula D\u00edaz lograron el 2do y 3er puesto respectivamente en salto en largo Sub 23, Rodrigo Salazar fue sub-campe\u00f3n nacional en 3000 metros con obst\u00e1culos Sub 23 y Juan Mart\u00edn Marquine logr\u00f3 la medalla de bronce en salto en alto Sub 23.<br \/>\nAdem\u00e1s participaron Mart\u00edn G\u00f3mez qui\u00e9n fue 5to en 10000 metros sub 23 y Sof\u00eda Gonz\u00e1lez que finaliz\u00f3 en la 4ta. posici\u00f3n en los 400 metros con vallas sub 23.<\/p>\n","protected":false},"excerpt":{"rendered":"<p>El atleta sampedrino Rodrigo Salazar logr\u00f3 ubicarse en el podio en el Campeonato Nacional que se llev\u00f3 a cabo en Mar del Plata d\u00edas pasados. Lo logr\u00f3 en la categor\u00eda sub 23 en 3000 metros con obst\u00e1culos. Los dirigidos por el Prof. Diego Marquine representaron a la Selecci\u00f3n de la Pcia. de Bs.As. en el [&hellip;]<\/p>\n","protected":false},"author":4,"featured_media":43355,"comment_status":"open","ping_status":"closed","sticky":false,"template":"","format":"standard","meta":{"om_disable_all_campaigns":false,"_jetpack_memberships_contains_paid_content":false,"footnotes":""},"categories":[5],"tags":[],"class_list":["post-43354","post","type-post","status-publish","format-standard","has-post-thumbnail","hentry","category-deportes"],"aioseo_notices":[],"gutentor_comment":0,"jetpack_featured_media_url":"https:\/\/eldiariodesanpedro.com.ar\/sitio\/wp-content\/uploads\/2018\/11\/rodrigo-salazar.jpg","jetpack_shortlink":"https:\/\/wp.me\/p6RhLt-bhg","jetpack_sharing_enabled":true,"_links":{"self":[{"href":"https:\/\/eldiariodesanpedro.com.ar\/sitio\/wp-json\/wp\/v2\/posts\/43354","targetHints":{"allow":["GET"]}}],"collection":[{"href":"https:\/\/eldiariodesanpedro.com.ar\/sitio\/wp-json\/wp\/v2\/posts"}],"about":[{"href":"https:\/\/eldiariodesanpedro.com.ar\/sitio\/wp-json\/wp\/v2\/types\/post"}],"author":[{"embeddable":true,"href":"https:\/\/eldiariodesanpedro.com.ar\/sitio\/wp-json\/wp\/v2\/users\/4"}],"replies":[{"embeddable":true,"href":"https:\/\/eldiariodesanpedro.com.ar\/sitio\/wp-json\/wp\/v2\/comments?post=43354"}],"version-history":[{"count":1,"href":"https:\/\/eldiariodesanpedro.com.ar\/sitio\/wp-json\/wp\/v2\/posts\/43354\/revisions"}],"predecessor-version":[{"id":43356,"href":"https:\/\/eldiariodesanpedro.com.ar\/sitio\/wp-json\/wp\/v2\/posts\/43354\/revisions\/43356"}],"wp:featuredmedia":[{"embeddable":true,"href":"https:\/\/eldiariodesanpedro.com.ar\/sitio\/wp-json\/wp\/v2\/media\/43355"}],"wp:attachment":[{"href":"https:\/\/eldiariodesanpedro.com.ar\/sitio\/wp-json\/wp\/v2\/media?parent=43354"}],"wp:term":[{"taxonomy":"category","embeddable":true,"href":"https:\/\/eldiariodesanpedro.com.ar\/sitio\/wp-json\/wp\/v2\/categories?post=43354"},{"taxonomy":"post_tag","embeddable":true,"href":"https:\/\/eldiariodesanpedro.com.ar\/sitio\/wp-json\/wp\/v2\/tags?post=43354"}],"curies":[{"name":"wp","href":"https:\/\/api.w.org\/{rel}","templated":true}]}}