{"id":43344,"date":"2018-11-10T10:40:15","date_gmt":"2018-11-10T13:40:15","guid":{"rendered":"https:\/\/eldiariodesanpedro.com.ar\/sitio\/?p=43344"},"modified":"2018-11-10T10:40:15","modified_gmt":"2018-11-10T13:40:15","slug":"san-nicolas-el-paseo-de-compras-a-cielo-abierto-para-fin-de-ano-sera-el-21-de-diciembre","status":"publish","type":"post","link":"https:\/\/eldiariodesanpedro.com.ar\/sitio\/san-nicolas-el-paseo-de-compras-a-cielo-abierto-para-fin-de-ano-sera-el-21-de-diciembre\/","title":{"rendered":"SAN NICOLAS: El paseo de compras a cielo abierto para fin de a\u00f1o ser\u00e1 el 21 de Diciembre"},"content":{"rendered":"<p><!-- VideographyWP Plugin Message: Automatic video embedding prevented by plugin options. --><br \/>\nDe acuerdo con lo que pudo saber EL NORTE, el municipio y los comerciantes le pusieron fecha a la edici\u00f3n 2018 de Hora de San Nicol\u00e1s, el paseo de compras a cielo abierto que se viene realizando desde 2012 en los d\u00edas previos a las fiestas de Fin de A\u00f1o. La fecha elegida es el viernes 21 de diciembre, y se espera que sea oficializada en las pr\u00f3ximas semanas. Ese d\u00eda el microcentro estar\u00e1 cerrado al tr\u00e1nsito vehicular con el objeto de priorizar el paso peatonal de familias nicole\u00f1as, que no solo podr\u00e1n acceder a los productos que ofrecen los comerciantes, sino tambi\u00e9n a servicios de gastronom\u00eda.<\/p>\n<p>La novedad m\u00e1s saliente para esta nueva edici\u00f3n es que el paseo tendr\u00e1 como escenario la renovada est\u00e9tica del microcentro, con veredas m\u00e1s anchas y luminarias m\u00e1s potentes.<\/p>\n<p>Fuente: Diario El Norte<\/p>\n","protected":false},"excerpt":{"rendered":"<p>De acuerdo con lo que pudo saber EL NORTE, el municipio y los comerciantes le pusieron fecha a la edici\u00f3n 2018 de Hora de San Nicol\u00e1s, el paseo de compras a cielo abierto que se viene realizando desde 2012 en los d\u00edas previos a las fiestas de Fin de A\u00f1o. La fecha elegida es el [&hellip;]<\/p>\n","protected":false},"author":4,"featured_media":43345,"comment_status":"open","ping_status":"closed","sticky":false,"template":"","format":"standard","meta":{"om_disable_all_campaigns":false,"_jetpack_memberships_contains_paid_content":false,"footnotes":""},"categories":[621],"tags":[],"class_list":["post-43344","post","type-post","status-publish","format-standard","has-post-thumbnail","hentry","category-regionales"],"aioseo_notices":[],"gutentor_comment":0,"jetpack_featured_media_url":"https:\/\/eldiariodesanpedro.com.ar\/sitio\/wp-content\/uploads\/2018\/11\/0-1.jpg","jetpack_shortlink":"https:\/\/wp.me\/p6RhLt-bh6","jetpack_sharing_enabled":true,"_links":{"self":[{"href":"https:\/\/eldiariodesanpedro.com.ar\/sitio\/wp-json\/wp\/v2\/posts\/43344","targetHints":{"allow":["GET"]}}],"collection":[{"href":"https:\/\/eldiariodesanpedro.com.ar\/sitio\/wp-json\/wp\/v2\/posts"}],"about":[{"href":"https:\/\/eldiariodesanpedro.com.ar\/sitio\/wp-json\/wp\/v2\/types\/post"}],"author":[{"embeddable":true,"href":"https:\/\/eldiariodesanpedro.com.ar\/sitio\/wp-json\/wp\/v2\/users\/4"}],"replies":[{"embeddable":true,"href":"https:\/\/eldiariodesanpedro.com.ar\/sitio\/wp-json\/wp\/v2\/comments?post=43344"}],"version-history":[{"count":1,"href":"https:\/\/eldiariodesanpedro.com.ar\/sitio\/wp-json\/wp\/v2\/posts\/43344\/revisions"}],"predecessor-version":[{"id":43346,"href":"https:\/\/eldiariodesanpedro.com.ar\/sitio\/wp-json\/wp\/v2\/posts\/43344\/revisions\/43346"}],"wp:featuredmedia":[{"embeddable":true,"href":"https:\/\/eldiariodesanpedro.com.ar\/sitio\/wp-json\/wp\/v2\/media\/43345"}],"wp:attachment":[{"href":"https:\/\/eldiariodesanpedro.com.ar\/sitio\/wp-json\/wp\/v2\/media?parent=43344"}],"wp:term":[{"taxonomy":"category","embeddable":true,"href":"https:\/\/eldiariodesanpedro.com.ar\/sitio\/wp-json\/wp\/v2\/categories?post=43344"},{"taxonomy":"post_tag","embeddable":true,"href":"https:\/\/eldiariodesanpedro.com.ar\/sitio\/wp-json\/wp\/v2\/tags?post=43344"}],"curies":[{"name":"wp","href":"https:\/\/api.w.org\/{rel}","templated":true}]}}