{"id":43338,"date":"2018-11-10T10:27:36","date_gmt":"2018-11-10T13:27:36","guid":{"rendered":"https:\/\/eldiariodesanpedro.com.ar\/sitio\/?p=43338"},"modified":"2018-11-10T10:27:36","modified_gmt":"2018-11-10T13:27:36","slug":"campana-le-robaron-el-estereo-y-le-incendiaron-el-auto","status":"publish","type":"post","link":"https:\/\/eldiariodesanpedro.com.ar\/sitio\/campana-le-robaron-el-estereo-y-le-incendiaron-el-auto\/","title":{"rendered":"CAMPANA: Le robaron el est\u00e9reo y le incendiaron el auto"},"content":{"rendered":"<p><!-- VideographyWP Plugin Message: Automatic video embedding prevented by plugin options. --><br \/>\nDelincuentes cometieron el hecho en Chacabuco al 600. Cerca de la medianoche, los due\u00f1os del rodado salieron a la calle cuando el fuego lo consum\u00eda, y observaron una de las puertas abiertas, y el equipo de m\u00fasica faltante. Las llamas alcanzaron un \u00e1rbol cercano, y parte del tendido el\u00e9ctrico.<\/p>\n<p>Un presunto robo fue seguido del incendio de un auto, en un hecho que tuvo lugar pasada la medianoche, en Chacabuco al 600.<\/p>\n<p>Al asomarse a la calle, los due\u00f1os de un Peugeot 206 vieron como el veh\u00edculo era consumido por las llamas. Tambi\u00e9n notaron que una de sus puertas estaba abierta, y le faltaba al est\u00e9reo.<\/p>\n<p>En pocos minutos, el auto fue cubierto por el fuego, sufriendo destrucci\u00f3n total. La intensidad de las llamas alcanz\u00f3 un \u00e1rbol lindero, y hasta parte del tendido el\u00e9ctrico.<\/p>\n<p>Se hizo presente m\u00f3vil 48 de bomberos a cargo del oficial Omar Gonz\u00e1lez, la unidad policial correspondiente a la zona 7, y una cuadrilla de Ed\u00e9n. <\/p>\n","protected":false},"excerpt":{"rendered":"<p>Delincuentes cometieron el hecho en Chacabuco al 600. Cerca de la medianoche, los due\u00f1os del rodado salieron a la calle cuando el fuego lo consum\u00eda, y observaron una de las puertas abiertas, y el equipo de m\u00fasica faltante. Las llamas alcanzaron un \u00e1rbol cercano, y parte del tendido el\u00e9ctrico. Un presunto robo fue seguido del [&hellip;]<\/p>\n","protected":false},"author":4,"featured_media":43339,"comment_status":"open","ping_status":"closed","sticky":false,"template":"","format":"standard","meta":{"om_disable_all_campaigns":false,"_jetpack_memberships_contains_paid_content":false,"footnotes":""},"categories":[621],"tags":[],"class_list":["post-43338","post","type-post","status-publish","format-standard","has-post-thumbnail","hentry","category-regionales"],"aioseo_notices":[],"gutentor_comment":0,"jetpack_featured_media_url":"https:\/\/eldiariodesanpedro.com.ar\/sitio\/wp-content\/uploads\/2018\/11\/20181110094322.jpg","jetpack_shortlink":"https:\/\/wp.me\/p6RhLt-bh0","jetpack_sharing_enabled":true,"_links":{"self":[{"href":"https:\/\/eldiariodesanpedro.com.ar\/sitio\/wp-json\/wp\/v2\/posts\/43338","targetHints":{"allow":["GET"]}}],"collection":[{"href":"https:\/\/eldiariodesanpedro.com.ar\/sitio\/wp-json\/wp\/v2\/posts"}],"about":[{"href":"https:\/\/eldiariodesanpedro.com.ar\/sitio\/wp-json\/wp\/v2\/types\/post"}],"author":[{"embeddable":true,"href":"https:\/\/eldiariodesanpedro.com.ar\/sitio\/wp-json\/wp\/v2\/users\/4"}],"replies":[{"embeddable":true,"href":"https:\/\/eldiariodesanpedro.com.ar\/sitio\/wp-json\/wp\/v2\/comments?post=43338"}],"version-history":[{"count":1,"href":"https:\/\/eldiariodesanpedro.com.ar\/sitio\/wp-json\/wp\/v2\/posts\/43338\/revisions"}],"predecessor-version":[{"id":43340,"href":"https:\/\/eldiariodesanpedro.com.ar\/sitio\/wp-json\/wp\/v2\/posts\/43338\/revisions\/43340"}],"wp:featuredmedia":[{"embeddable":true,"href":"https:\/\/eldiariodesanpedro.com.ar\/sitio\/wp-json\/wp\/v2\/media\/43339"}],"wp:attachment":[{"href":"https:\/\/eldiariodesanpedro.com.ar\/sitio\/wp-json\/wp\/v2\/media?parent=43338"}],"wp:term":[{"taxonomy":"category","embeddable":true,"href":"https:\/\/eldiariodesanpedro.com.ar\/sitio\/wp-json\/wp\/v2\/categories?post=43338"},{"taxonomy":"post_tag","embeddable":true,"href":"https:\/\/eldiariodesanpedro.com.ar\/sitio\/wp-json\/wp\/v2\/tags?post=43338"}],"curies":[{"name":"wp","href":"https:\/\/api.w.org\/{rel}","templated":true}]}}