{"id":43335,"date":"2018-11-10T10:24:02","date_gmt":"2018-11-10T13:24:02","guid":{"rendered":"https:\/\/eldiariodesanpedro.com.ar\/sitio\/?p=43335"},"modified":"2018-11-10T10:24:02","modified_gmt":"2018-11-10T13:24:02","slug":"campana-avanzan-los-preparativos-para-la-jornada-de-rse-y-sustentabilidad-en-campana","status":"publish","type":"post","link":"https:\/\/eldiariodesanpedro.com.ar\/sitio\/campana-avanzan-los-preparativos-para-la-jornada-de-rse-y-sustentabilidad-en-campana\/","title":{"rendered":"CAMPANA: Avanzan los preparativos para la Jornada de RSE y Sustentabilidad en Campana"},"content":{"rendered":"<p><!-- VideographyWP Plugin Message: Automatic video embedding prevented by plugin options. --><br \/>\nDenominada \u201cEstado del Arte de la Responsabilidad Social y la Sustentabilidad (RS&#038;S). El impacto en el desarrollo local\u201d. El mi\u00e9rcoles 14, de 09 a 13.30hs. Actividad libre y gratuita, pero, con inscripci\u00f3n previa. <\/p>\n<p>El pr\u00f3ximo mi\u00e9rcoles 14 de noviembre, de 09 a 13.30hs, se realizar\u00e1 el evento \u201cEstado del Arte de la Responsabilidad Social y la Sustentabilidad (RS&#038;S). El impacto en el desarrollo local\u201d. <\/p>\n<p>La actividad es organizada por la UTN Facultad Regional Delta y el Instituto Argentino de Responsabilidad Social (IARSE).<\/p>\n<p>El prop\u00f3sito de este encuentro es difundir el concepto de RS&#038;S y compartir una mirada global y regional con grandes empresas y PyMES de la zona, de manera que aporte a una base conceptual com\u00fan y permita visualizar sinergias entre empresa, academia y gobierno para impactar en el desarrollo local. <\/p>\n<p>Se trata de una actividad libre y gratuita, pero es necesaria la inscripci\u00f3n previa, a trav\u00e9s del web site de la UTN Facultad Regional Delta.<\/p>\n<p>Agenda de actividades<\/p>\n<p>La Disertaci\u00f3n estar\u00e1 a cargo de Luis Ulla, Director de IARSE, quien abordar\u00e1 la siguiente teem\u00e1tica:<\/p>\n<p>&#8211;\tConcepto de Responsabilidad Social &#038; Sustentabilidad y su evoluci\u00f3n.<\/p>\n<p>&#8211;\tLa importancia del Desarrollo Sustentable en el marco del contexto actual: \u00e9tico-cultural, econ\u00f3mico, social y ambiental.<\/p>\n<p>&#8211;\tLa Gesti\u00f3n Responsable Orientada a la Sustentabilidad (GROS) y el impacto en la competitividad del negocio\/actividad.<\/p>\n<p>&#8211;\tLa importancia de los p\u00fablicos estrat\u00e9gicos de las empresas (partes interesadas) para la identificaci\u00f3n de oportunidades\/riesgos.<\/p>\n<p>&#8211;\tEl proceso de Creaci\u00f3n de Valor Compartido (CVC).<\/p>\n<p>&#8211;\tLos nuevos cuadros de resultados a medir y reportar.<\/p>\n<p>&#8211;\tIntroducci\u00f3n a las principales herramientas de gesti\u00f3n: ISO 26.000, Objetivos de Desarrollo Sostenible (ODS), Indicadores de RS&#038;S \u2013 ETHOS \/ IARSE, Global Reporting Initiative (GRI).<\/p>\n<p>&#8211;\tCasos inspiradores de buenas pr\u00e1cticas.<\/p>\n<p>&#8211;\tDi\u00e1logo con las empresas. Estrategias de sustentabilidad y principales l\u00edneas de acci\u00f3n. Modera Lic. Silvana Comelli.<\/p>\n<p>&#8211;\tOportunidades para un mayor protagonismo de la alianza Universidad-Empresa en el desarrollo local y la innovaci\u00f3n. Lic. Gabriela Trupia.<\/p>\n<p>Acerca de IARSE<\/p>\n<p>El Instituto Argentino de Responsabilidad Social Empresaria (IARSE) es un centro de referencia nacional y regional en materia de Responsabilidad Social y Sustentabilidad de las organizaciones.<\/p>\n<p>Fue fundado a principios de 2002 y trabaja con la misi\u00f3n de \u201cGenerar conocimiento p\u00fablico para promover y difundir el concepto y la pr\u00e1ctica de la Responsabilidad Social, a fin de impulsar el Desarrollo Sustentable de Argentina y la regi\u00f3n\u201d.<\/p>\n<p>Fuente: Campana Noticias<\/p>\n","protected":false},"excerpt":{"rendered":"<p>Denominada \u201cEstado del Arte de la Responsabilidad Social y la Sustentabilidad (RS&#038;S). El impacto en el desarrollo local\u201d. El mi\u00e9rcoles 14, de 09 a 13.30hs. Actividad libre y gratuita, pero, con inscripci\u00f3n previa. El pr\u00f3ximo mi\u00e9rcoles 14 de noviembre, de 09 a 13.30hs, se realizar\u00e1 el evento \u201cEstado del Arte de la Responsabilidad Social y [&hellip;]<\/p>\n","protected":false},"author":4,"featured_media":43336,"comment_status":"open","ping_status":"closed","sticky":false,"template":"","format":"standard","meta":{"om_disable_all_campaigns":false,"_jetpack_memberships_contains_paid_content":false,"footnotes":""},"categories":[621],"tags":[],"class_list":["post-43335","post","type-post","status-publish","format-standard","has-post-thumbnail","hentry","category-regionales"],"aioseo_notices":[],"gutentor_comment":0,"jetpack_featured_media_url":"https:\/\/eldiariodesanpedro.com.ar\/sitio\/wp-content\/uploads\/2018\/11\/20181109013013.jpg","jetpack_shortlink":"https:\/\/wp.me\/p6RhLt-bgX","jetpack_sharing_enabled":true,"_links":{"self":[{"href":"https:\/\/eldiariodesanpedro.com.ar\/sitio\/wp-json\/wp\/v2\/posts\/43335","targetHints":{"allow":["GET"]}}],"collection":[{"href":"https:\/\/eldiariodesanpedro.com.ar\/sitio\/wp-json\/wp\/v2\/posts"}],"about":[{"href":"https:\/\/eldiariodesanpedro.com.ar\/sitio\/wp-json\/wp\/v2\/types\/post"}],"author":[{"embeddable":true,"href":"https:\/\/eldiariodesanpedro.com.ar\/sitio\/wp-json\/wp\/v2\/users\/4"}],"replies":[{"embeddable":true,"href":"https:\/\/eldiariodesanpedro.com.ar\/sitio\/wp-json\/wp\/v2\/comments?post=43335"}],"version-history":[{"count":1,"href":"https:\/\/eldiariodesanpedro.com.ar\/sitio\/wp-json\/wp\/v2\/posts\/43335\/revisions"}],"predecessor-version":[{"id":43337,"href":"https:\/\/eldiariodesanpedro.com.ar\/sitio\/wp-json\/wp\/v2\/posts\/43335\/revisions\/43337"}],"wp:featuredmedia":[{"embeddable":true,"href":"https:\/\/eldiariodesanpedro.com.ar\/sitio\/wp-json\/wp\/v2\/media\/43336"}],"wp:attachment":[{"href":"https:\/\/eldiariodesanpedro.com.ar\/sitio\/wp-json\/wp\/v2\/media?parent=43335"}],"wp:term":[{"taxonomy":"category","embeddable":true,"href":"https:\/\/eldiariodesanpedro.com.ar\/sitio\/wp-json\/wp\/v2\/categories?post=43335"},{"taxonomy":"post_tag","embeddable":true,"href":"https:\/\/eldiariodesanpedro.com.ar\/sitio\/wp-json\/wp\/v2\/tags?post=43335"}],"curies":[{"name":"wp","href":"https:\/\/api.w.org\/{rel}","templated":true}]}}