{"id":43332,"date":"2018-11-10T10:15:48","date_gmt":"2018-11-10T13:15:48","guid":{"rendered":"https:\/\/eldiariodesanpedro.com.ar\/sitio\/?p=43332"},"modified":"2018-11-10T10:15:48","modified_gmt":"2018-11-10T13:15:48","slug":"baradero-se-investiga-en-baradero-un-caso-de-maltrato-de-una-docente","status":"publish","type":"post","link":"https:\/\/eldiariodesanpedro.com.ar\/sitio\/baradero-se-investiga-en-baradero-un-caso-de-maltrato-de-una-docente\/","title":{"rendered":"BARADERO: Se investiga en Baradero un caso de maltrato de una docente"},"content":{"rendered":"<p><!-- VideographyWP Plugin Message: Automatic video embedding prevented by plugin options. --><br \/>\nLa denuncia se habr\u00eda efectuado esta semana por parte de la madre de un menor que concurre a una escuela primaria de Baradero. El hecho ocurre en similitud como lo fue en SAN PEDRO.<\/p>\n<p>El caso termin\u00f3 con la intervenci\u00f3n de la Jefatura Distrital de Educaci\u00f3n.<\/p>\n<p>Los padres aseguran que los nenes involucrados habr\u00edan manifestado maltrato de la docente.<\/p>\n<p>Hasta el momento no surgieron mayores datos relacionados al caso, pero sospechan que la involucrada ser\u00eda una mujer que hace unos a\u00f1os habr\u00eda estado en involucrada en un hecho similar.<\/p>\n<p>Fuente: Tu Linea Directa<\/p>\n","protected":false},"excerpt":{"rendered":"<p>La denuncia se habr\u00eda efectuado esta semana por parte de la madre de un menor que concurre a una escuela primaria de Baradero. El hecho ocurre en similitud como lo fue en SAN PEDRO. El caso termin\u00f3 con la intervenci\u00f3n de la Jefatura Distrital de Educaci\u00f3n. Los padres aseguran que los nenes involucrados habr\u00edan manifestado [&hellip;]<\/p>\n","protected":false},"author":4,"featured_media":43333,"comment_status":"open","ping_status":"closed","sticky":false,"template":"","format":"standard","meta":{"om_disable_all_campaigns":false,"_jetpack_memberships_contains_paid_content":false,"footnotes":""},"categories":[621],"tags":[],"class_list":["post-43332","post","type-post","status-publish","format-standard","has-post-thumbnail","hentry","category-regionales"],"aioseo_notices":[],"gutentor_comment":0,"jetpack_featured_media_url":"https:\/\/eldiariodesanpedro.com.ar\/sitio\/wp-content\/uploads\/2018\/11\/aula.jpg","jetpack_shortlink":"https:\/\/wp.me\/p6RhLt-bgU","jetpack_sharing_enabled":true,"_links":{"self":[{"href":"https:\/\/eldiariodesanpedro.com.ar\/sitio\/wp-json\/wp\/v2\/posts\/43332","targetHints":{"allow":["GET"]}}],"collection":[{"href":"https:\/\/eldiariodesanpedro.com.ar\/sitio\/wp-json\/wp\/v2\/posts"}],"about":[{"href":"https:\/\/eldiariodesanpedro.com.ar\/sitio\/wp-json\/wp\/v2\/types\/post"}],"author":[{"embeddable":true,"href":"https:\/\/eldiariodesanpedro.com.ar\/sitio\/wp-json\/wp\/v2\/users\/4"}],"replies":[{"embeddable":true,"href":"https:\/\/eldiariodesanpedro.com.ar\/sitio\/wp-json\/wp\/v2\/comments?post=43332"}],"version-history":[{"count":1,"href":"https:\/\/eldiariodesanpedro.com.ar\/sitio\/wp-json\/wp\/v2\/posts\/43332\/revisions"}],"predecessor-version":[{"id":43334,"href":"https:\/\/eldiariodesanpedro.com.ar\/sitio\/wp-json\/wp\/v2\/posts\/43332\/revisions\/43334"}],"wp:featuredmedia":[{"embeddable":true,"href":"https:\/\/eldiariodesanpedro.com.ar\/sitio\/wp-json\/wp\/v2\/media\/43333"}],"wp:attachment":[{"href":"https:\/\/eldiariodesanpedro.com.ar\/sitio\/wp-json\/wp\/v2\/media?parent=43332"}],"wp:term":[{"taxonomy":"category","embeddable":true,"href":"https:\/\/eldiariodesanpedro.com.ar\/sitio\/wp-json\/wp\/v2\/categories?post=43332"},{"taxonomy":"post_tag","embeddable":true,"href":"https:\/\/eldiariodesanpedro.com.ar\/sitio\/wp-json\/wp\/v2\/tags?post=43332"}],"curies":[{"name":"wp","href":"https:\/\/api.w.org\/{rel}","templated":true}]}}