{"id":43326,"date":"2018-11-10T10:09:01","date_gmt":"2018-11-10T13:09:01","guid":{"rendered":"https:\/\/eldiariodesanpedro.com.ar\/sitio\/?p=43326"},"modified":"2018-11-10T10:09:01","modified_gmt":"2018-11-10T13:09:01","slug":"importante-incendio-en-una-de-las-cintas-elevadoras-del-puerto","status":"publish","type":"post","link":"https:\/\/eldiariodesanpedro.com.ar\/sitio\/importante-incendio-en-una-de-las-cintas-elevadoras-del-puerto\/","title":{"rendered":"Importante incendio en una de las cintas elevadoras del puerto"},"content":{"rendered":"<p><!-- VideographyWP Plugin Message: Automatic video embedding prevented by plugin options. --><br \/>\nEsta madrugada se incendi\u00f3 una de las torres elevadoras de los silos del puerto. Se origin\u00f3 supuestamente en la parte de unos de los tableros el\u00e9ctricos. El siniestro fue controlado por dos dotaciones de bomberos que trabajaron durante tres horas.<\/p>\n<p>El evento ocurri\u00f3 cuando pasadas las 5 de la madrugada, bomberos arriba al siniestro que se estaba produciendo en el puerto de nuestra ciudad.<\/p>\n<p>All\u00ed se hab\u00eda desatado el fuego en la zona de los silos elevadores, Mauro Rasio, Jefe de Bomberos, cont\u00f3 a los medios lo sucedido:<\/p>\n<p>\u00abEs una estructura que est\u00e1 en peligro de un foco \u00edgneo todo el tiempo, ademas es muy grande, tratamos de impedir que el incendio se pasar\u00e1 a los silos m\u00e1s grandes que contienen cereal, pero pudimos cortar el foco luego de una ardua pelea\u00bb<\/p>\n<p>\u00abPrimero llegamos con el autobomba que trabajo a una elevaci\u00f3n de entre 15 a 20 mts, ingresamos por la cinta transportadoras de cereales donde se hab\u00eda originado, all\u00ed trabajo el personal a cargo del Suboficial Montenegro y del otro lado el personal junto a la suboficial Novella\u00bb<\/p>\n<p>\u00abTrabajamos en dos edificios durante tres horas, el mas bajo tenia mas o menos una altura que equivale a 4 pisos\u00bb<\/p>\n<p>Mauro ademas expreso: \u00abSiempre esta el miedo, tratamos de combatirlo nosotros mismos, nos preparamos d\u00eda a d\u00eda para estos casos, siempre trato de tomar las mejores decisiones para que no pase a mayores\u00bb<\/p>\n<p>\u00abLas p\u00e9rdidas del silo que se incendi\u00f3 fueron totales, ahora resta esperar que la empresa que tiene que hacerse cargo pueda reparar la estructura lo m\u00e1s r\u00e1pido posible, el puerto igualmente sigue en funcionamiento con un buque esperando su carga\u00bb, finaliz\u00f3.<\/p>\n<p><img decoding=\"async\" data-attachment-id=\"43330\" data-permalink=\"https:\/\/eldiariodesanpedro.com.ar\/sitio\/importante-incendio-en-una-de-las-cintas-elevadoras-del-puerto\/45837033_2231121003830098_4362579268174086144_n\/\" data-orig-file=\"https:\/\/eldiariodesanpedro.com.ar\/sitio\/wp-content\/uploads\/2018\/11\/45837033_2231121003830098_4362579268174086144_n.jpg\" data-orig-size=\"960,540\" data-comments-opened=\"1\" data-image-meta=\"{&quot;aperture&quot;:&quot;0&quot;,&quot;credit&quot;:&quot;&quot;,&quot;camera&quot;:&quot;&quot;,&quot;caption&quot;:&quot;&quot;,&quot;created_timestamp&quot;:&quot;0&quot;,&quot;copyright&quot;:&quot;&quot;,&quot;focal_length&quot;:&quot;0&quot;,&quot;iso&quot;:&quot;0&quot;,&quot;shutter_speed&quot;:&quot;0&quot;,&quot;title&quot;:&quot;&quot;,&quot;orientation&quot;:&quot;0&quot;}\" data-image-title=\"45837033_2231121003830098_4362579268174086144_n\" data-image-description=\"\" data-image-caption=\"\" data-large-file=\"https:\/\/eldiariodesanpedro.com.ar\/sitio\/wp-content\/uploads\/2018\/11\/45837033_2231121003830098_4362579268174086144_n.jpg\" data-src=\"https:\/\/eldiariodesanpedro.com.ar\/sitio\/wp-content\/uploads\/2018\/11\/45837033_2231121003830098_4362579268174086144_n.jpg\" alt=\"\" width=\"960\" height=\"540\" class=\"alignnone size-full wp-image-43330 lazyload\" data-srcset=\"https:\/\/eldiariodesanpedro.com.ar\/sitio\/wp-content\/uploads\/2018\/11\/45837033_2231121003830098_4362579268174086144_n.jpg 960w, https:\/\/eldiariodesanpedro.com.ar\/sitio\/wp-content\/uploads\/2018\/11\/45837033_2231121003830098_4362579268174086144_n-300x169.jpg 300w, https:\/\/eldiariodesanpedro.com.ar\/sitio\/wp-content\/uploads\/2018\/11\/45837033_2231121003830098_4362579268174086144_n-768x432.jpg 768w\" data-sizes=\"(max-width: 960px) 100vw, 960px\" src=\"data:image\/svg+xml;base64,PHN2ZyB3aWR0aD0iMSIgaGVpZ2h0PSIxIiB4bWxucz0iaHR0cDovL3d3dy53My5vcmcvMjAwMC9zdmciPjwvc3ZnPg==\" style=\"--smush-placeholder-width: 960px; --smush-placeholder-aspect-ratio: 960\/540;\" \/><\/p>\n<p><img decoding=\"async\" data-attachment-id=\"43329\" data-permalink=\"https:\/\/eldiariodesanpedro.com.ar\/sitio\/importante-incendio-en-una-de-las-cintas-elevadoras-del-puerto\/45807328_10155702005157343_8710329637772722176_n\/\" data-orig-file=\"https:\/\/eldiariodesanpedro.com.ar\/sitio\/wp-content\/uploads\/2018\/11\/45807328_10155702005157343_8710329637772722176_n.jpg\" data-orig-size=\"576,577\" data-comments-opened=\"1\" data-image-meta=\"{&quot;aperture&quot;:&quot;0&quot;,&quot;credit&quot;:&quot;Picasa&quot;,&quot;camera&quot;:&quot;&quot;,&quot;caption&quot;:&quot;&quot;,&quot;created_timestamp&quot;:&quot;1541853924&quot;,&quot;copyright&quot;:&quot;&quot;,&quot;focal_length&quot;:&quot;0&quot;,&quot;iso&quot;:&quot;0&quot;,&quot;shutter_speed&quot;:&quot;0&quot;,&quot;title&quot;:&quot;&quot;,&quot;orientation&quot;:&quot;0&quot;}\" data-image-title=\"45807328_10155702005157343_8710329637772722176_n\" data-image-description=\"\" data-image-caption=\"\" data-large-file=\"https:\/\/eldiariodesanpedro.com.ar\/sitio\/wp-content\/uploads\/2018\/11\/45807328_10155702005157343_8710329637772722176_n.jpg\" data-src=\"https:\/\/eldiariodesanpedro.com.ar\/sitio\/wp-content\/uploads\/2018\/11\/45807328_10155702005157343_8710329637772722176_n.jpg\" alt=\"\" width=\"576\" height=\"577\" class=\"alignnone size-full wp-image-43329 lazyload\" data-srcset=\"https:\/\/eldiariodesanpedro.com.ar\/sitio\/wp-content\/uploads\/2018\/11\/45807328_10155702005157343_8710329637772722176_n.jpg 576w, https:\/\/eldiariodesanpedro.com.ar\/sitio\/wp-content\/uploads\/2018\/11\/45807328_10155702005157343_8710329637772722176_n-150x150.jpg 150w, https:\/\/eldiariodesanpedro.com.ar\/sitio\/wp-content\/uploads\/2018\/11\/45807328_10155702005157343_8710329637772722176_n-300x300.jpg 300w\" data-sizes=\"(max-width: 576px) 100vw, 576px\" src=\"data:image\/svg+xml;base64,PHN2ZyB3aWR0aD0iMSIgaGVpZ2h0PSIxIiB4bWxucz0iaHR0cDovL3d3dy53My5vcmcvMjAwMC9zdmciPjwvc3ZnPg==\" style=\"--smush-placeholder-width: 576px; --smush-placeholder-aspect-ratio: 576\/577;\" \/><\/p>\n<p><img decoding=\"async\" data-attachment-id=\"43328\" data-permalink=\"https:\/\/eldiariodesanpedro.com.ar\/sitio\/importante-incendio-en-una-de-las-cintas-elevadoras-del-puerto\/45765405_1218377284967433_2715658025409970176_n\/\" data-orig-file=\"https:\/\/eldiariodesanpedro.com.ar\/sitio\/wp-content\/uploads\/2018\/11\/45765405_1218377284967433_2715658025409970176_n.jpg\" data-orig-size=\"960,540\" data-comments-opened=\"1\" data-image-meta=\"{&quot;aperture&quot;:&quot;0&quot;,&quot;credit&quot;:&quot;&quot;,&quot;camera&quot;:&quot;&quot;,&quot;caption&quot;:&quot;&quot;,&quot;created_timestamp&quot;:&quot;0&quot;,&quot;copyright&quot;:&quot;&quot;,&quot;focal_length&quot;:&quot;0&quot;,&quot;iso&quot;:&quot;0&quot;,&quot;shutter_speed&quot;:&quot;0&quot;,&quot;title&quot;:&quot;&quot;,&quot;orientation&quot;:&quot;0&quot;}\" data-image-title=\"45765405_1218377284967433_2715658025409970176_n\" data-image-description=\"\" data-image-caption=\"\" data-large-file=\"https:\/\/eldiariodesanpedro.com.ar\/sitio\/wp-content\/uploads\/2018\/11\/45765405_1218377284967433_2715658025409970176_n.jpg\" data-src=\"https:\/\/eldiariodesanpedro.com.ar\/sitio\/wp-content\/uploads\/2018\/11\/45765405_1218377284967433_2715658025409970176_n.jpg\" alt=\"\" width=\"960\" height=\"540\" class=\"alignnone size-full wp-image-43328 lazyload\" data-srcset=\"https:\/\/eldiariodesanpedro.com.ar\/sitio\/wp-content\/uploads\/2018\/11\/45765405_1218377284967433_2715658025409970176_n.jpg 960w, https:\/\/eldiariodesanpedro.com.ar\/sitio\/wp-content\/uploads\/2018\/11\/45765405_1218377284967433_2715658025409970176_n-300x169.jpg 300w, https:\/\/eldiariodesanpedro.com.ar\/sitio\/wp-content\/uploads\/2018\/11\/45765405_1218377284967433_2715658025409970176_n-768x432.jpg 768w\" data-sizes=\"(max-width: 960px) 100vw, 960px\" src=\"data:image\/svg+xml;base64,PHN2ZyB3aWR0aD0iMSIgaGVpZ2h0PSIxIiB4bWxucz0iaHR0cDovL3d3dy53My5vcmcvMjAwMC9zdmciPjwvc3ZnPg==\" style=\"--smush-placeholder-width: 960px; --smush-placeholder-aspect-ratio: 960\/540;\" \/><\/p>\n<p><img decoding=\"async\" data-attachment-id=\"43327\" data-permalink=\"https:\/\/eldiariodesanpedro.com.ar\/sitio\/importante-incendio-en-una-de-las-cintas-elevadoras-del-puerto\/45711741_10155702005592343_4757826180504092672_n\/\" data-orig-file=\"https:\/\/eldiariodesanpedro.com.ar\/sitio\/wp-content\/uploads\/2018\/11\/45711741_10155702005592343_4757826180504092672_n.jpg\" data-orig-size=\"576,575\" data-comments-opened=\"1\" data-image-meta=\"{&quot;aperture&quot;:&quot;0&quot;,&quot;credit&quot;:&quot;Picasa&quot;,&quot;camera&quot;:&quot;&quot;,&quot;caption&quot;:&quot;&quot;,&quot;created_timestamp&quot;:&quot;1541853868&quot;,&quot;copyright&quot;:&quot;&quot;,&quot;focal_length&quot;:&quot;0&quot;,&quot;iso&quot;:&quot;0&quot;,&quot;shutter_speed&quot;:&quot;0&quot;,&quot;title&quot;:&quot;&quot;,&quot;orientation&quot;:&quot;0&quot;}\" data-image-title=\"45711741_10155702005592343_4757826180504092672_n\" data-image-description=\"\" data-image-caption=\"\" data-large-file=\"https:\/\/eldiariodesanpedro.com.ar\/sitio\/wp-content\/uploads\/2018\/11\/45711741_10155702005592343_4757826180504092672_n.jpg\" data-src=\"https:\/\/eldiariodesanpedro.com.ar\/sitio\/wp-content\/uploads\/2018\/11\/45711741_10155702005592343_4757826180504092672_n.jpg\" alt=\"\" width=\"576\" height=\"575\" class=\"alignnone size-full wp-image-43327 lazyload\" data-srcset=\"https:\/\/eldiariodesanpedro.com.ar\/sitio\/wp-content\/uploads\/2018\/11\/45711741_10155702005592343_4757826180504092672_n.jpg 576w, https:\/\/eldiariodesanpedro.com.ar\/sitio\/wp-content\/uploads\/2018\/11\/45711741_10155702005592343_4757826180504092672_n-150x150.jpg 150w, https:\/\/eldiariodesanpedro.com.ar\/sitio\/wp-content\/uploads\/2018\/11\/45711741_10155702005592343_4757826180504092672_n-300x300.jpg 300w\" data-sizes=\"(max-width: 576px) 100vw, 576px\" src=\"data:image\/svg+xml;base64,PHN2ZyB3aWR0aD0iMSIgaGVpZ2h0PSIxIiB4bWxucz0iaHR0cDovL3d3dy53My5vcmcvMjAwMC9zdmciPjwvc3ZnPg==\" style=\"--smush-placeholder-width: 576px; --smush-placeholder-aspect-ratio: 576\/575;\" \/><\/p>\n","protected":false},"excerpt":{"rendered":"<p>Esta madrugada se incendi\u00f3 una de las torres elevadoras de los silos del puerto. Se origin\u00f3 supuestamente en la parte de unos de los tableros el\u00e9ctricos. El siniestro fue controlado por dos dotaciones de bomberos que trabajaron durante tres horas. El evento ocurri\u00f3 cuando pasadas las 5 de la madrugada, bomberos arriba al siniestro que [&hellip;]<\/p>\n","protected":false},"author":4,"featured_media":43329,"comment_status":"open","ping_status":"closed","sticky":false,"template":"","format":"standard","meta":{"om_disable_all_campaigns":false,"_jetpack_memberships_contains_paid_content":false,"footnotes":""},"categories":[50,2,103],"tags":[],"class_list":["post-43326","post","type-post","status-publish","format-standard","has-post-thumbnail","hentry","category-destacadas","category-locales","category-policiales-locales"],"aioseo_notices":[],"gutentor_comment":0,"jetpack_featured_media_url":"https:\/\/eldiariodesanpedro.com.ar\/sitio\/wp-content\/uploads\/2018\/11\/45807328_10155702005157343_8710329637772722176_n.jpg","jetpack_shortlink":"https:\/\/wp.me\/p6RhLt-bgO","jetpack_sharing_enabled":true,"_links":{"self":[{"href":"https:\/\/eldiariodesanpedro.com.ar\/sitio\/wp-json\/wp\/v2\/posts\/43326","targetHints":{"allow":["GET"]}}],"collection":[{"href":"https:\/\/eldiariodesanpedro.com.ar\/sitio\/wp-json\/wp\/v2\/posts"}],"about":[{"href":"https:\/\/eldiariodesanpedro.com.ar\/sitio\/wp-json\/wp\/v2\/types\/post"}],"author":[{"embeddable":true,"href":"https:\/\/eldiariodesanpedro.com.ar\/sitio\/wp-json\/wp\/v2\/users\/4"}],"replies":[{"embeddable":true,"href":"https:\/\/eldiariodesanpedro.com.ar\/sitio\/wp-json\/wp\/v2\/comments?post=43326"}],"version-history":[{"count":1,"href":"https:\/\/eldiariodesanpedro.com.ar\/sitio\/wp-json\/wp\/v2\/posts\/43326\/revisions"}],"predecessor-version":[{"id":43331,"href":"https:\/\/eldiariodesanpedro.com.ar\/sitio\/wp-json\/wp\/v2\/posts\/43326\/revisions\/43331"}],"wp:featuredmedia":[{"embeddable":true,"href":"https:\/\/eldiariodesanpedro.com.ar\/sitio\/wp-json\/wp\/v2\/media\/43329"}],"wp:attachment":[{"href":"https:\/\/eldiariodesanpedro.com.ar\/sitio\/wp-json\/wp\/v2\/media?parent=43326"}],"wp:term":[{"taxonomy":"category","embeddable":true,"href":"https:\/\/eldiariodesanpedro.com.ar\/sitio\/wp-json\/wp\/v2\/categories?post=43326"},{"taxonomy":"post_tag","embeddable":true,"href":"https:\/\/eldiariodesanpedro.com.ar\/sitio\/wp-json\/wp\/v2\/tags?post=43326"}],"curies":[{"name":"wp","href":"https:\/\/api.w.org\/{rel}","templated":true}]}}