{"id":43323,"date":"2018-11-10T09:17:22","date_gmt":"2018-11-10T12:17:22","guid":{"rendered":"https:\/\/eldiariodesanpedro.com.ar\/sitio\/?p=43323"},"modified":"2018-11-10T09:17:22","modified_gmt":"2018-11-10T12:17:22","slug":"baradero-juan-curutchet-visito-baradero-firmo-un-convenio-y-se-reunio-con-pymes","status":"publish","type":"post","link":"https:\/\/eldiariodesanpedro.com.ar\/sitio\/baradero-juan-curutchet-visito-baradero-firmo-un-convenio-y-se-reunio-con-pymes\/","title":{"rendered":"BARADERO: Juan Curutchet visit\u00f3 Baradero, firm\u00f3 un convenio y se reuni\u00f3 con Pymes"},"content":{"rendered":"<p><!-- VideographyWP Plugin Message: Automatic video embedding prevented by plugin options. --><br \/>\nEl presidente del Banco de la Provincia de Bs. As. visit\u00f3 la ciudad vecina de Baradero, firm\u00f3 un convenio de promoci\u00f3n del microcr\u00e9dito, se reuni\u00f3 con representantes de las Pymes y el comercio local para luego visitar la Metalurgica Buena Maizon.<\/p>\n<p>En conferencia de prensa Curuchet dijo: \u201cQueremos seguir promocionando este paquetes de medidas que anunci\u00f3 la gobernadora Vidal la semana pasada. Lo que firmamos hoy es un convenio para promocionar este tipo de peque\u00f1os cr\u00e9ditos dirigidos a la gente que no esta dentro de la formalidad como los emprendedores\u201d y agreg\u00f3: \u201cla mayor\u00eda de estos cr\u00e9ditos son para proyectos del tipo feriantes y que nunca pod\u00edan acceder a una l\u00ednea crediticia\u201d:<\/p>\n<p>\u201cEstos cr\u00e9ditos no piden garant\u00edas, se los visita en el mismo lugar donde esta establecido para tratar de conocer a quien pide el cr\u00e9dito y esa es la mayor garant\u00eda que tenemos\u201d y destac\u00f3: \u201cse trabaja con la gente que ya tiene una actividad instalada, vive de eso y al conseguir el cr\u00e9dito puede ampliarse o mejorar las condiciones de trabajo\u201d.<\/p>\n<p>Por otro lado se trat\u00f3 el tema del cr\u00e9dito a la agroindustria: \u201ces una de las grandes l\u00edneas de trabajo de nuestro banco. Ya pr\u00e9stamos al sector en lo que va del a\u00f1o 50 mil millones de pesos. Tambi\u00e9n presentamos una linea en d\u00f3lares para acopiadores y estamos siempre en contacto con las distintas c\u00e1maras\u201d.<\/p>\n<p>Fuente: Baradero Te Informa<\/p>\n","protected":false},"excerpt":{"rendered":"<p>El presidente del Banco de la Provincia de Bs. As. visit\u00f3 la ciudad vecina de Baradero, firm\u00f3 un convenio de promoci\u00f3n del microcr\u00e9dito, se reuni\u00f3 con representantes de las Pymes y el comercio local para luego visitar la Metalurgica Buena Maizon. En conferencia de prensa Curuchet dijo: \u201cQueremos seguir promocionando este paquetes de medidas que [&hellip;]<\/p>\n","protected":false},"author":4,"featured_media":43324,"comment_status":"open","ping_status":"closed","sticky":false,"template":"","format":"standard","meta":{"om_disable_all_campaigns":false,"_jetpack_memberships_contains_paid_content":false,"footnotes":""},"categories":[621],"tags":[],"class_list":["post-43323","post","type-post","status-publish","format-standard","has-post-thumbnail","hentry","category-regionales"],"aioseo_notices":[],"gutentor_comment":0,"jetpack_featured_media_url":"https:\/\/eldiariodesanpedro.com.ar\/sitio\/wp-content\/uploads\/2018\/11\/IMG_7782_800x533.jpg","jetpack_shortlink":"https:\/\/wp.me\/p6RhLt-bgL","jetpack_sharing_enabled":true,"_links":{"self":[{"href":"https:\/\/eldiariodesanpedro.com.ar\/sitio\/wp-json\/wp\/v2\/posts\/43323","targetHints":{"allow":["GET"]}}],"collection":[{"href":"https:\/\/eldiariodesanpedro.com.ar\/sitio\/wp-json\/wp\/v2\/posts"}],"about":[{"href":"https:\/\/eldiariodesanpedro.com.ar\/sitio\/wp-json\/wp\/v2\/types\/post"}],"author":[{"embeddable":true,"href":"https:\/\/eldiariodesanpedro.com.ar\/sitio\/wp-json\/wp\/v2\/users\/4"}],"replies":[{"embeddable":true,"href":"https:\/\/eldiariodesanpedro.com.ar\/sitio\/wp-json\/wp\/v2\/comments?post=43323"}],"version-history":[{"count":1,"href":"https:\/\/eldiariodesanpedro.com.ar\/sitio\/wp-json\/wp\/v2\/posts\/43323\/revisions"}],"predecessor-version":[{"id":43325,"href":"https:\/\/eldiariodesanpedro.com.ar\/sitio\/wp-json\/wp\/v2\/posts\/43323\/revisions\/43325"}],"wp:featuredmedia":[{"embeddable":true,"href":"https:\/\/eldiariodesanpedro.com.ar\/sitio\/wp-json\/wp\/v2\/media\/43324"}],"wp:attachment":[{"href":"https:\/\/eldiariodesanpedro.com.ar\/sitio\/wp-json\/wp\/v2\/media?parent=43323"}],"wp:term":[{"taxonomy":"category","embeddable":true,"href":"https:\/\/eldiariodesanpedro.com.ar\/sitio\/wp-json\/wp\/v2\/categories?post=43323"},{"taxonomy":"post_tag","embeddable":true,"href":"https:\/\/eldiariodesanpedro.com.ar\/sitio\/wp-json\/wp\/v2\/tags?post=43323"}],"curies":[{"name":"wp","href":"https:\/\/api.w.org\/{rel}","templated":true}]}}