{"id":43314,"date":"2018-11-09T20:55:25","date_gmt":"2018-11-09T23:55:25","guid":{"rendered":"https:\/\/eldiariodesanpedro.com.ar\/sitio\/?p=43314"},"modified":"2018-11-09T20:55:25","modified_gmt":"2018-11-09T23:55:25","slug":"campana-un-camion-choco-a-un-auto-en-la-rotonda-de-las-acacias","status":"publish","type":"post","link":"https:\/\/eldiariodesanpedro.com.ar\/sitio\/campana-un-camion-choco-a-un-auto-en-la-rotonda-de-las-acacias\/","title":{"rendered":"CAMPANA: Un cami\u00f3n choc\u00f3 a un auto en la rotonda de Las Acacias"},"content":{"rendered":"<p><!-- VideographyWP Plugin Message: Automatic video embedding prevented by plugin options. --><br \/>\nEn horas de la tarde, ambos veh\u00edculos circulaban en la misma direcci\u00f3n, cuando el transporte de carga impact\u00f3 violentamente desde atr\u00e1s a un Chevrolet Corsa, produci\u00e9ndole serios da\u00f1os. No hubo heridos. Polic\u00eda, Tr\u00e1nsito y Defensa Civil trabajaron en el lugar.<\/p>\n<p>  Cerca de las 17 hs., un Chevrolet Corsa y un cami\u00f3n Ford Cargo protagonizaron un accidente en la rotonda de Las Acacias.<br \/>\n  Ambos circulaban en la misma direcci\u00f3n, sentido a ruta 9, cuando en una mala maniobra el cami\u00f3n impacta de atr\u00e1s al auto, produci\u00e9ndole serios da\u00f1os.<br \/>\n  Tras el fuerte golpe, el Corsa termin\u00f3 arriba de la mism\u00edsima rotonda. Por fortuna, su conductor sali\u00f3 ileso, al igual que el transportista.<br \/>\n  El m\u00f3vil zona 7 del CP se hizo presente en el lugar, junto a personal de tr\u00e1nsito y Defensa Civil, quienes limpiaron la cinta asf\u00e1ltica de vidrios y restos del accidente.<\/p>\n<p>Fuente: Campana Noticias<\/p>\n","protected":false},"excerpt":{"rendered":"<p>En horas de la tarde, ambos veh\u00edculos circulaban en la misma direcci\u00f3n, cuando el transporte de carga impact\u00f3 violentamente desde atr\u00e1s a un Chevrolet Corsa, produci\u00e9ndole serios da\u00f1os. No hubo heridos. Polic\u00eda, Tr\u00e1nsito y Defensa Civil trabajaron en el lugar. Cerca de las 17 hs., un Chevrolet Corsa y un cami\u00f3n Ford Cargo protagonizaron un [&hellip;]<\/p>\n","protected":false},"author":4,"featured_media":43316,"comment_status":"open","ping_status":"closed","sticky":false,"template":"","format":"standard","meta":{"om_disable_all_campaigns":false,"_jetpack_memberships_contains_paid_content":false,"footnotes":""},"categories":[621],"tags":[],"class_list":["post-43314","post","type-post","status-publish","format-standard","has-post-thumbnail","hentry","category-regionales"],"aioseo_notices":[],"gutentor_comment":0,"jetpack_featured_media_url":"https:\/\/eldiariodesanpedro.com.ar\/sitio\/wp-content\/uploads\/2018\/11\/PAGINA-7-3.jpg","jetpack_shortlink":"https:\/\/wp.me\/p6RhLt-bgC","jetpack_sharing_enabled":true,"_links":{"self":[{"href":"https:\/\/eldiariodesanpedro.com.ar\/sitio\/wp-json\/wp\/v2\/posts\/43314","targetHints":{"allow":["GET"]}}],"collection":[{"href":"https:\/\/eldiariodesanpedro.com.ar\/sitio\/wp-json\/wp\/v2\/posts"}],"about":[{"href":"https:\/\/eldiariodesanpedro.com.ar\/sitio\/wp-json\/wp\/v2\/types\/post"}],"author":[{"embeddable":true,"href":"https:\/\/eldiariodesanpedro.com.ar\/sitio\/wp-json\/wp\/v2\/users\/4"}],"replies":[{"embeddable":true,"href":"https:\/\/eldiariodesanpedro.com.ar\/sitio\/wp-json\/wp\/v2\/comments?post=43314"}],"version-history":[{"count":1,"href":"https:\/\/eldiariodesanpedro.com.ar\/sitio\/wp-json\/wp\/v2\/posts\/43314\/revisions"}],"predecessor-version":[{"id":43318,"href":"https:\/\/eldiariodesanpedro.com.ar\/sitio\/wp-json\/wp\/v2\/posts\/43314\/revisions\/43318"}],"wp:featuredmedia":[{"embeddable":true,"href":"https:\/\/eldiariodesanpedro.com.ar\/sitio\/wp-json\/wp\/v2\/media\/43316"}],"wp:attachment":[{"href":"https:\/\/eldiariodesanpedro.com.ar\/sitio\/wp-json\/wp\/v2\/media?parent=43314"}],"wp:term":[{"taxonomy":"category","embeddable":true,"href":"https:\/\/eldiariodesanpedro.com.ar\/sitio\/wp-json\/wp\/v2\/categories?post=43314"},{"taxonomy":"post_tag","embeddable":true,"href":"https:\/\/eldiariodesanpedro.com.ar\/sitio\/wp-json\/wp\/v2\/tags?post=43314"}],"curies":[{"name":"wp","href":"https:\/\/api.w.org\/{rel}","templated":true}]}}