{"id":43311,"date":"2018-11-09T20:53:15","date_gmt":"2018-11-09T23:53:15","guid":{"rendered":"https:\/\/eldiariodesanpedro.com.ar\/sitio\/?p=43311"},"modified":"2018-11-09T20:53:15","modified_gmt":"2018-11-09T23:53:15","slug":"san-nicolas-avanza-la-relocalizacion-de-las-familias-de-la-zona-del-santuario","status":"publish","type":"post","link":"https:\/\/eldiariodesanpedro.com.ar\/sitio\/san-nicolas-avanza-la-relocalizacion-de-las-familias-de-la-zona-del-santuario\/","title":{"rendered":"SAN NICOL\u00c1S: Avanza la relocalizaci\u00f3n de las familias de la zona del Santuario"},"content":{"rendered":"<p><!-- VideographyWP Plugin Message: Automatic video embedding prevented by plugin options. --><br \/>\nLa Municipalidad de San Nicol\u00e1s avanza con el plan de relocalizaci\u00f3n de las viviendas ubicadas en la conocida Villa Tranquila. Esta semana comenzaron a trabajar las maquinas en la limpieza del terreno que a futuro ser\u00e1 un espacio p\u00fablico.<\/p>\n<p>  A fines del mes de octubre, el Intendente Municipal, Cdor. Manuel Passaglia junto a la Subsecretaria de acci\u00f3n Social Mar\u00eda Rosa M\u00e9ndez, hicieron entrega de m\u00e1s de 30 viviendas en zona oeste.<br \/>\n  Ya son 23 familias que habitaban en la manzana comprendida entre las calles Bustamante, Costanera, Jos\u00e9 Ingenieros y Sarmiento e iniciaron la mudanza.<br \/>\n  Restan relocalizar a 7 familias que se ir\u00e1n cuando terminen las viviendas de barrio Colombo. Se estima que en marzo finalizar\u00e1 el plan de reubicaci\u00f3n y se empezar\u00e1 a construir el parque. La sede del Destacamento de Polic\u00eda Local se mud\u00f3 a zona norte.<\/p>\n<p>Fuente: Diario El Informante<\/p>\n","protected":false},"excerpt":{"rendered":"<p>La Municipalidad de San Nicol\u00e1s avanza con el plan de relocalizaci\u00f3n de las viviendas ubicadas en la conocida Villa Tranquila. Esta semana comenzaron a trabajar las maquinas en la limpieza del terreno que a futuro ser\u00e1 un espacio p\u00fablico. A fines del mes de octubre, el Intendente Municipal, Cdor. Manuel Passaglia junto a la Subsecretaria [&hellip;]<\/p>\n","protected":false},"author":4,"featured_media":43313,"comment_status":"open","ping_status":"closed","sticky":false,"template":"","format":"standard","meta":{"om_disable_all_campaigns":false,"_jetpack_memberships_contains_paid_content":false,"footnotes":""},"categories":[621],"tags":[],"class_list":["post-43311","post","type-post","status-publish","format-standard","has-post-thumbnail","hentry","category-regionales"],"aioseo_notices":[],"gutentor_comment":0,"jetpack_featured_media_url":"https:\/\/eldiariodesanpedro.com.ar\/sitio\/wp-content\/uploads\/2018\/11\/PAGINA-6-3.jpg","jetpack_shortlink":"https:\/\/wp.me\/p6RhLt-bgz","jetpack_sharing_enabled":true,"_links":{"self":[{"href":"https:\/\/eldiariodesanpedro.com.ar\/sitio\/wp-json\/wp\/v2\/posts\/43311","targetHints":{"allow":["GET"]}}],"collection":[{"href":"https:\/\/eldiariodesanpedro.com.ar\/sitio\/wp-json\/wp\/v2\/posts"}],"about":[{"href":"https:\/\/eldiariodesanpedro.com.ar\/sitio\/wp-json\/wp\/v2\/types\/post"}],"author":[{"embeddable":true,"href":"https:\/\/eldiariodesanpedro.com.ar\/sitio\/wp-json\/wp\/v2\/users\/4"}],"replies":[{"embeddable":true,"href":"https:\/\/eldiariodesanpedro.com.ar\/sitio\/wp-json\/wp\/v2\/comments?post=43311"}],"version-history":[{"count":1,"href":"https:\/\/eldiariodesanpedro.com.ar\/sitio\/wp-json\/wp\/v2\/posts\/43311\/revisions"}],"predecessor-version":[{"id":43315,"href":"https:\/\/eldiariodesanpedro.com.ar\/sitio\/wp-json\/wp\/v2\/posts\/43311\/revisions\/43315"}],"wp:featuredmedia":[{"embeddable":true,"href":"https:\/\/eldiariodesanpedro.com.ar\/sitio\/wp-json\/wp\/v2\/media\/43313"}],"wp:attachment":[{"href":"https:\/\/eldiariodesanpedro.com.ar\/sitio\/wp-json\/wp\/v2\/media?parent=43311"}],"wp:term":[{"taxonomy":"category","embeddable":true,"href":"https:\/\/eldiariodesanpedro.com.ar\/sitio\/wp-json\/wp\/v2\/categories?post=43311"},{"taxonomy":"post_tag","embeddable":true,"href":"https:\/\/eldiariodesanpedro.com.ar\/sitio\/wp-json\/wp\/v2\/tags?post=43311"}],"curies":[{"name":"wp","href":"https:\/\/api.w.org\/{rel}","templated":true}]}}