{"id":43306,"date":"2018-11-09T20:50:50","date_gmt":"2018-11-09T23:50:50","guid":{"rendered":"https:\/\/eldiariodesanpedro.com.ar\/sitio\/?p=43306"},"modified":"2018-11-09T20:50:50","modified_gmt":"2018-11-09T23:50:50","slug":"ramallo-presentacion-de-ambulancia-de-alta-complejidad","status":"publish","type":"post","link":"https:\/\/eldiariodesanpedro.com.ar\/sitio\/ramallo-presentacion-de-ambulancia-de-alta-complejidad\/","title":{"rendered":"RAMALLO: Presentaci\u00f3n de ambulancia de alta complejidad"},"content":{"rendered":"<p><!-- VideographyWP Plugin Message: Automatic video embedding prevented by plugin options. --><br \/>\nEl Intendente Mauro Poletti realiz\u00f3 la presentaci\u00f3n de la ambulancia de alta complejidad adquirida por el municipio. En conferencia de prensa junto al Delegado de Villa General Savio, Ariel Galarza, y al administrador del hospital, Lucas Reyik, indic\u00f3 que esta nueva ambulancia ser\u00e1 destinada a la localidad de Villa General Savio.<\/p>\n<p>  \u201cPara nosotros el concepto de salud es m\u00e1s amplio: cuando realizamos obras de cord\u00f3n cuneta, de asfalto, extendido de la red de agua potable, de cloacas, tambi\u00e9n le mejoramos la calidad de vida al vecino\u201d resalt\u00f3 el intendente, y agreg\u00f3 \u201cagradecemos la acci\u00f3n que realiza la Cooperadora, pero nosotros como Estado no podemos estar ausente, la salud es responsabilidad de la pol\u00edtica. Cuando asumimos el 95% de lo recaudado se destinaba a sueldos, hoy logramos reducir a un 85 % ese porcentaje y aumentar la recaudaci\u00f3n un 300%, en un contexto de crisis econ\u00f3mica que vive el pa\u00eds esto es importante\u201d, finaliz\u00f3.<\/p>\n<p><strong>CARACTER\u00cdSTICAS DEL VEH\u00cdULO<\/strong><br \/>\n  Es una Kangoo Express de 2 asientos con equipamiento funcional con altos est\u00e1ndares de calidad y cuenta con 2 a\u00f1os de garant\u00eda. Posee un revestimiento lavable con aislaci\u00f3n termo ac\u00fastica no contaminante, piso nivelado revestido con goma quir\u00fargica de alto tr\u00e1nsito, terminaciones en acero inoxidable.<br \/>\n  Butaca para m\u00e9dico de base fija 4 habit\u00e1culos portaobjetos, camilla de aluminio de alta resistencia (certificada por ANMAT) a medida de la altura del veh\u00edculo; no necesita rampa.<br \/>\nEst\u00e1 equipada con porta sueros y soporte para tubo de ox\u00edgeno de aluminio de 0,68 m con regulador. Instalaci\u00f3n el\u00e9ctrica independiente, 2 tomas de 12 v., iluminaci\u00f3n interior LED y faro LED trasero para maniobras nocturnas. Alerta luminoso exterior LED (12v. verde\/cristal) con sirena de m\u00faltiples tonos (100w) y meg\u00e1fono.<\/p>\n<p>Fuente: Ramallo Informa<\/p>\n","protected":false},"excerpt":{"rendered":"<p>El Intendente Mauro Poletti realiz\u00f3 la presentaci\u00f3n de la ambulancia de alta complejidad adquirida por el municipio. En conferencia de prensa junto al Delegado de Villa General Savio, Ariel Galarza, y al administrador del hospital, Lucas Reyik, indic\u00f3 que esta nueva ambulancia ser\u00e1 destinada a la localidad de Villa General Savio. \u201cPara nosotros el concepto [&hellip;]<\/p>\n","protected":false},"author":4,"featured_media":43308,"comment_status":"open","ping_status":"closed","sticky":false,"template":"","format":"standard","meta":{"om_disable_all_campaigns":false,"_jetpack_memberships_contains_paid_content":false,"footnotes":""},"categories":[621],"tags":[],"class_list":["post-43306","post","type-post","status-publish","format-standard","has-post-thumbnail","hentry","category-regionales"],"aioseo_notices":[],"gutentor_comment":0,"jetpack_featured_media_url":"https:\/\/eldiariodesanpedro.com.ar\/sitio\/wp-content\/uploads\/2018\/11\/Presentacion-de-ambulancia-de-alta-complejidad.jpg","jetpack_shortlink":"https:\/\/wp.me\/p6RhLt-bgu","jetpack_sharing_enabled":true,"_links":{"self":[{"href":"https:\/\/eldiariodesanpedro.com.ar\/sitio\/wp-json\/wp\/v2\/posts\/43306","targetHints":{"allow":["GET"]}}],"collection":[{"href":"https:\/\/eldiariodesanpedro.com.ar\/sitio\/wp-json\/wp\/v2\/posts"}],"about":[{"href":"https:\/\/eldiariodesanpedro.com.ar\/sitio\/wp-json\/wp\/v2\/types\/post"}],"author":[{"embeddable":true,"href":"https:\/\/eldiariodesanpedro.com.ar\/sitio\/wp-json\/wp\/v2\/users\/4"}],"replies":[{"embeddable":true,"href":"https:\/\/eldiariodesanpedro.com.ar\/sitio\/wp-json\/wp\/v2\/comments?post=43306"}],"version-history":[{"count":1,"href":"https:\/\/eldiariodesanpedro.com.ar\/sitio\/wp-json\/wp\/v2\/posts\/43306\/revisions"}],"predecessor-version":[{"id":43310,"href":"https:\/\/eldiariodesanpedro.com.ar\/sitio\/wp-json\/wp\/v2\/posts\/43306\/revisions\/43310"}],"wp:featuredmedia":[{"embeddable":true,"href":"https:\/\/eldiariodesanpedro.com.ar\/sitio\/wp-json\/wp\/v2\/media\/43308"}],"wp:attachment":[{"href":"https:\/\/eldiariodesanpedro.com.ar\/sitio\/wp-json\/wp\/v2\/media?parent=43306"}],"wp:term":[{"taxonomy":"category","embeddable":true,"href":"https:\/\/eldiariodesanpedro.com.ar\/sitio\/wp-json\/wp\/v2\/categories?post=43306"},{"taxonomy":"post_tag","embeddable":true,"href":"https:\/\/eldiariodesanpedro.com.ar\/sitio\/wp-json\/wp\/v2\/tags?post=43306"}],"curies":[{"name":"wp","href":"https:\/\/api.w.org\/{rel}","templated":true}]}}