{"id":43292,"date":"2018-11-09T20:09:42","date_gmt":"2018-11-09T23:09:42","guid":{"rendered":"https:\/\/eldiariodesanpedro.com.ar\/sitio\/?p=43292"},"modified":"2026-01-24T00:09:06","modified_gmt":"2026-01-24T03:09:06","slug":"agenda-actividades-del-club-nautico-san-pedro","status":"publish","type":"post","link":"https:\/\/eldiariodesanpedro.com.ar\/sitio\/agenda-actividades-del-club-nautico-san-pedro\/","title":{"rendered":"AGENDA: Actividades del Club N\u00e1utico San Pedro"},"content":{"rendered":"<p><!-- VideographyWP Plugin Message: Automatic video embedding prevented by plugin options. --><br \/>\n  Este jueves por la 8\u00ba fecha del torneo de la ABZC las categor\u00edas U15 y U17 jugar\u00e1n de visitante ante Independiente de Z\u00e1rate desde las 18 hs. Desde el viernes hasta el domingo las categor\u00edas Premini-Mini, participar\u00e1n del 15\u00aa Encuentro Nacional en Independiente de la ciudad de Tandil.<\/p>\n<p>  Hasta el domingo el sub 15 masculino de v\u00f3ley sigue jugando la Copa Argentina en Chapadmalal en donde definen su posici\u00f3n dentro del grupo Copa de Plata.<\/p>\n<p>  El s\u00e1bado por las semifinales de la ANV las categor\u00edas S13 y S15 Femeninas disputar\u00e1n el 2do partido de como visitantes, a las 10 S13 Femenino vs. Baradero por los Play Out en esa ciudad y a las 15 el S15 Femenino vs. Los Andes en Villa Ramallo.<br \/>\nS\u00e1bado y Domingo el equipo de nataci\u00f3n participa de un Encuentro de Escuelas con Doble Jornada y Campamento en el Club Pescadores y N\u00e1utica de San Pedro. <\/p>\n<p>  Desde el viernes y hasta el domingo, el Club ser\u00e1 sede del 18\u00ba Encuentro Nacional e Internacional de Escuelitas y Principiantes de Optimist. Las delegaciones ser\u00e1n recibidas desde las 17hs. del viernes 09 y antes de comenzar las regatas habr\u00e1 un desfile frente al edificio principal del club el s\u00e1bado desde las 11. La entrega de premios ser\u00e1 el domingo a las 17.<\/p>\n<p>  Hasta el domingo tambi\u00e9n siguen participando representantes del Club en el Campeonato Argentino de Velocidad 2018 y Selectivo Nacional, en el Club Regatas de La Plata.<\/p>\n<p>  En Hockey el s\u00e1bado a las 11 la 7\u00ba divisi\u00f3n jugar\u00e1 la semifinal ante el Club Viajantes de Pergamino. El ganador de este partido enfrentar\u00e1 al Ganador de Argentino de Rojas \u2013 Gimnasia de Pergamino en la Final. Todos los partidos ser\u00e1n en Chacabuco.<\/p>\n<p>  Completando el fin de semana se juega s\u00e1bado y domingo una nueva del torneo interno de f\u00fatbol siempre desde las 14.<\/p>\n","protected":false},"excerpt":{"rendered":"<p>Este jueves por la 8\u00ba fecha del torneo de la ABZC las categor\u00edas U15 y U17 jugar\u00e1n de visitante ante Independiente de Z\u00e1rate desde las 18 hs. Desde el viernes hasta el domingo las categor\u00edas Premini-Mini, participar\u00e1n del 15\u00aa Encuentro Nacional en Independiente de la ciudad de Tandil. Hasta el domingo el sub 15 masculino [&hellip;]<\/p>\n","protected":false},"author":4,"featured_media":11309,"comment_status":"open","ping_status":"closed","sticky":false,"template":"","format":"standard","meta":{"om_disable_all_campaigns":false,"_jetpack_memberships_contains_paid_content":false,"footnotes":""},"categories":[5],"tags":[],"class_list":["post-43292","post","type-post","status-publish","format-standard","has-post-thumbnail","hentry","category-deportes"],"aioseo_notices":[],"gutentor_comment":0,"jetpack_featured_media_url":"https:\/\/eldiariodesanpedro.com.ar\/sitio\/wp-content\/uploads\/2016\/12\/logo-club-nautico-san-pedro.jpg","jetpack_shortlink":"https:\/\/wp.me\/p6RhLt-bgg","jetpack_sharing_enabled":true,"_links":{"self":[{"href":"https:\/\/eldiariodesanpedro.com.ar\/sitio\/wp-json\/wp\/v2\/posts\/43292","targetHints":{"allow":["GET"]}}],"collection":[{"href":"https:\/\/eldiariodesanpedro.com.ar\/sitio\/wp-json\/wp\/v2\/posts"}],"about":[{"href":"https:\/\/eldiariodesanpedro.com.ar\/sitio\/wp-json\/wp\/v2\/types\/post"}],"author":[{"embeddable":true,"href":"https:\/\/eldiariodesanpedro.com.ar\/sitio\/wp-json\/wp\/v2\/users\/4"}],"replies":[{"embeddable":true,"href":"https:\/\/eldiariodesanpedro.com.ar\/sitio\/wp-json\/wp\/v2\/comments?post=43292"}],"version-history":[{"count":2,"href":"https:\/\/eldiariodesanpedro.com.ar\/sitio\/wp-json\/wp\/v2\/posts\/43292\/revisions"}],"predecessor-version":[{"id":43301,"href":"https:\/\/eldiariodesanpedro.com.ar\/sitio\/wp-json\/wp\/v2\/posts\/43292\/revisions\/43301"}],"wp:featuredmedia":[{"embeddable":true,"href":"https:\/\/eldiariodesanpedro.com.ar\/sitio\/wp-json\/wp\/v2\/media\/11309"}],"wp:attachment":[{"href":"https:\/\/eldiariodesanpedro.com.ar\/sitio\/wp-json\/wp\/v2\/media?parent=43292"}],"wp:term":[{"taxonomy":"category","embeddable":true,"href":"https:\/\/eldiariodesanpedro.com.ar\/sitio\/wp-json\/wp\/v2\/categories?post=43292"},{"taxonomy":"post_tag","embeddable":true,"href":"https:\/\/eldiariodesanpedro.com.ar\/sitio\/wp-json\/wp\/v2\/tags?post=43292"}],"curies":[{"name":"wp","href":"https:\/\/api.w.org\/{rel}","templated":true}]}}