{"id":43284,"date":"2018-11-09T20:04:45","date_gmt":"2018-11-09T23:04:45","guid":{"rendered":"https:\/\/eldiariodesanpedro.com.ar\/sitio\/?p=43284"},"modified":"2026-01-24T00:09:07","modified_gmt":"2026-01-24T03:09:07","slug":"futbol-infanto-juvenil-continua-el-certamen-para-los-mas-chicos","status":"publish","type":"post","link":"https:\/\/eldiariodesanpedro.com.ar\/sitio\/futbol-infanto-juvenil-continua-el-certamen-para-los-mas-chicos\/","title":{"rendered":"F\u00daTBOL INFANTO JUVENIL: Contin\u00faa el certamen para los m\u00e1s \u2018chicos\u2019"},"content":{"rendered":"<p><!-- VideographyWP Plugin Message: Automatic video embedding prevented by plugin options. --><br \/>\n  En las canchas de Rivadavia en Baradero y en La Esperanza se disputaron los partidos previstos de la categor\u00eda 2006. Hubo triunfos de Mitre, Independencia, Banfield, Rivadavia y Atl\u00e9tico.<\/p>\n<p>Las zonas de San Pedro jugaron la segunda fecha y estos los resultados:<\/p>\n<p>Am\u00e9rica 1- Independencia 3<br \/>\nMitre 2- San Roque 0<br \/>\nBanfield 2- Def. Unidos 1<\/p>\n<p><em>Para las dos zonas de Baradero la tercera fecha:<\/em><br \/>\nAtl\u00e9tico \u2013 Fundici\u00f3n<br \/>\n(Atl\u00e9tico ganar\u00e1 los puntos por no presentaci\u00f3n de Fundici\u00f3n)<br \/>\nRivadavia 1-Sportivo 0<\/p>\n<p><strong>Pr\u00f3ximos partidos<\/strong><br \/>\n<em>11 de noviembre<\/em><br \/>\nEn G. San Mart\u00edn<br \/>\nGral. San Mart\u00edn \u2013 Agricultores (16:30 horas)<\/p>\n<p><em>12 de noviembre<\/em><br \/>\nEn Rivadavia<br \/>\nSportivo-Portela (21:15)<br \/>\nAtl\u00e9tico-Alsina (22:15)<\/p>\n<p><em>13 de noviembre<\/em><br \/>\nEn La Esperanza<br \/>\nMitre -Las Palmeras (19:00)<br \/>\nDef. Unidos-Paran\u00e1 (20:15)<br \/>\nAm\u00e9rica-La Esperanza (21:30)<\/p>\n<p><strong>En Agricultores<\/strong><br \/>\nAgricultores-Central C\u00f3rdoba (20:30)<\/p>\n","protected":false},"excerpt":{"rendered":"<p>En las canchas de Rivadavia en Baradero y en La Esperanza se disputaron los partidos previstos de la categor\u00eda 2006. Hubo triunfos de Mitre, Independencia, Banfield, Rivadavia y Atl\u00e9tico. Las zonas de San Pedro jugaron la segunda fecha y estos los resultados: Am\u00e9rica 1- Independencia 3 Mitre 2- San Roque 0 Banfield 2- Def. Unidos [&hellip;]<\/p>\n","protected":false},"author":4,"featured_media":20147,"comment_status":"open","ping_status":"closed","sticky":false,"template":"","format":"standard","meta":{"om_disable_all_campaigns":false,"_jetpack_memberships_contains_paid_content":false,"footnotes":""},"categories":[5],"tags":[],"class_list":["post-43284","post","type-post","status-publish","format-standard","has-post-thumbnail","hentry","category-deportes"],"aioseo_notices":[],"gutentor_comment":0,"jetpack_featured_media_url":"https:\/\/eldiariodesanpedro.com.ar\/sitio\/wp-content\/uploads\/2017\/06\/futbol-gol.jpg","jetpack_shortlink":"https:\/\/wp.me\/p6RhLt-bg8","jetpack_sharing_enabled":true,"_links":{"self":[{"href":"https:\/\/eldiariodesanpedro.com.ar\/sitio\/wp-json\/wp\/v2\/posts\/43284","targetHints":{"allow":["GET"]}}],"collection":[{"href":"https:\/\/eldiariodesanpedro.com.ar\/sitio\/wp-json\/wp\/v2\/posts"}],"about":[{"href":"https:\/\/eldiariodesanpedro.com.ar\/sitio\/wp-json\/wp\/v2\/types\/post"}],"author":[{"embeddable":true,"href":"https:\/\/eldiariodesanpedro.com.ar\/sitio\/wp-json\/wp\/v2\/users\/4"}],"replies":[{"embeddable":true,"href":"https:\/\/eldiariodesanpedro.com.ar\/sitio\/wp-json\/wp\/v2\/comments?post=43284"}],"version-history":[{"count":2,"href":"https:\/\/eldiariodesanpedro.com.ar\/sitio\/wp-json\/wp\/v2\/posts\/43284\/revisions"}],"predecessor-version":[{"id":43289,"href":"https:\/\/eldiariodesanpedro.com.ar\/sitio\/wp-json\/wp\/v2\/posts\/43284\/revisions\/43289"}],"wp:featuredmedia":[{"embeddable":true,"href":"https:\/\/eldiariodesanpedro.com.ar\/sitio\/wp-json\/wp\/v2\/media\/20147"}],"wp:attachment":[{"href":"https:\/\/eldiariodesanpedro.com.ar\/sitio\/wp-json\/wp\/v2\/media?parent=43284"}],"wp:term":[{"taxonomy":"category","embeddable":true,"href":"https:\/\/eldiariodesanpedro.com.ar\/sitio\/wp-json\/wp\/v2\/categories?post=43284"},{"taxonomy":"post_tag","embeddable":true,"href":"https:\/\/eldiariodesanpedro.com.ar\/sitio\/wp-json\/wp\/v2\/tags?post=43284"}],"curies":[{"name":"wp","href":"https:\/\/api.w.org\/{rel}","templated":true}]}}