{"id":43283,"date":"2018-11-09T20:04:48","date_gmt":"2018-11-09T23:04:48","guid":{"rendered":"https:\/\/eldiariodesanpedro.com.ar\/sitio\/?p=43283"},"modified":"2026-01-24T00:09:07","modified_gmt":"2026-01-24T03:09:07","slug":"basquet-el-domingo-comienza-un-torneo-de-primera-division","status":"publish","type":"post","link":"https:\/\/eldiariodesanpedro.com.ar\/sitio\/basquet-el-domingo-comienza-un-torneo-de-primera-division\/","title":{"rendered":"B\u00c1SQUET: El domingo comienza un Torneo de Primera divisi\u00f3n"},"content":{"rendered":"<p><!-- VideographyWP Plugin Message: Automatic video embedding prevented by plugin options. --><br \/>\nDar\u00e1 inicio el Torneo de Primera divisi\u00f3n de b\u00e1squet organizado por el Club Pescadores y cuenta con seis equipos.<br \/>\n  La competencia ser\u00e1 con Sportivo Baradero (presenta dos equipos), CEF Baradero, Paran\u00e1, Mitre y Pescadores.<br \/>\n  Luego de muchos a\u00f1os habr\u00e1 b\u00e1squet de Primera, m\u00e1s all\u00e1 de la competencia de N\u00e1utico y Mitre a nivel regional en las Asociaciones de Z\u00e1rate-Campana y San Nicol\u00e1s respectivamente.<\/p>\n<p>  La primera fecha se jugar\u00e1 en su totalidad en el gimnasio del Club Atl\u00e9tico Mitre el domingo 11 con estos partidos y horarios:<\/p>\n<p>16.00 Pescadores \u2013 Cef Baradero.<br \/>\n17.30 Paran\u00e1 \u2013 Sportivo B<br \/>\n19.00 Mitre \u2013 Sportivo A<\/p>\n<p><strong>A confirmar gimnasios<\/strong><br \/>\n<em>2da fecha <\/em><br \/>\nCef Baradero-Paran\u00e1<br \/>\nSportivo A-Pescadores<br \/>\nSportivo B-Mitre<\/p>\n<p><em>3ra fecha <\/em><br \/>\nMitre-Cef<br \/>\nParan\u00e1-Pescadores<br \/>\nSportivo B Sportivo A<\/p>\n<p><em>4ta fecha<\/em><br \/>\nCef-Sportivo B<br \/>\nParana-Sportivo A<br \/>\nPescadores-Mitre<\/p>\n<p><em>5ta fecha<\/em><br \/>\nMitre-Paran\u00e1<br \/>\nSportivo A-Cef<br \/>\nSportivo B-Pescadores<\/p>\n","protected":false},"excerpt":{"rendered":"<p>Dar\u00e1 inicio el Torneo de Primera divisi\u00f3n de b\u00e1squet organizado por el Club Pescadores y cuenta con seis equipos. La competencia ser\u00e1 con Sportivo Baradero (presenta dos equipos), CEF Baradero, Paran\u00e1, Mitre y Pescadores. Luego de muchos a\u00f1os habr\u00e1 b\u00e1squet de Primera, m\u00e1s all\u00e1 de la competencia de N\u00e1utico y Mitre a nivel regional en [&hellip;]<\/p>\n","protected":false},"author":4,"featured_media":35976,"comment_status":"open","ping_status":"closed","sticky":false,"template":"","format":"standard","meta":{"om_disable_all_campaigns":false,"_jetpack_memberships_contains_paid_content":false,"footnotes":""},"categories":[5],"tags":[],"class_list":["post-43283","post","type-post","status-publish","format-standard","has-post-thumbnail","hentry","category-deportes"],"aioseo_notices":[],"gutentor_comment":0,"jetpack_featured_media_url":"https:\/\/eldiariodesanpedro.com.ar\/sitio\/wp-content\/uploads\/2018\/07\/basquet-2.jpg","jetpack_shortlink":"https:\/\/wp.me\/p6RhLt-bg7","jetpack_sharing_enabled":true,"_links":{"self":[{"href":"https:\/\/eldiariodesanpedro.com.ar\/sitio\/wp-json\/wp\/v2\/posts\/43283","targetHints":{"allow":["GET"]}}],"collection":[{"href":"https:\/\/eldiariodesanpedro.com.ar\/sitio\/wp-json\/wp\/v2\/posts"}],"about":[{"href":"https:\/\/eldiariodesanpedro.com.ar\/sitio\/wp-json\/wp\/v2\/types\/post"}],"author":[{"embeddable":true,"href":"https:\/\/eldiariodesanpedro.com.ar\/sitio\/wp-json\/wp\/v2\/users\/4"}],"replies":[{"embeddable":true,"href":"https:\/\/eldiariodesanpedro.com.ar\/sitio\/wp-json\/wp\/v2\/comments?post=43283"}],"version-history":[{"count":2,"href":"https:\/\/eldiariodesanpedro.com.ar\/sitio\/wp-json\/wp\/v2\/posts\/43283\/revisions"}],"predecessor-version":[{"id":43290,"href":"https:\/\/eldiariodesanpedro.com.ar\/sitio\/wp-json\/wp\/v2\/posts\/43283\/revisions\/43290"}],"wp:featuredmedia":[{"embeddable":true,"href":"https:\/\/eldiariodesanpedro.com.ar\/sitio\/wp-json\/wp\/v2\/media\/35976"}],"wp:attachment":[{"href":"https:\/\/eldiariodesanpedro.com.ar\/sitio\/wp-json\/wp\/v2\/media?parent=43283"}],"wp:term":[{"taxonomy":"category","embeddable":true,"href":"https:\/\/eldiariodesanpedro.com.ar\/sitio\/wp-json\/wp\/v2\/categories?post=43283"},{"taxonomy":"post_tag","embeddable":true,"href":"https:\/\/eldiariodesanpedro.com.ar\/sitio\/wp-json\/wp\/v2\/tags?post=43283"}],"curies":[{"name":"wp","href":"https:\/\/api.w.org\/{rel}","templated":true}]}}