{"id":43279,"date":"2018-11-09T19:30:51","date_gmt":"2018-11-09T22:30:51","guid":{"rendered":"https:\/\/eldiariodesanpedro.com.ar\/sitio\/?p=43279"},"modified":"2018-11-09T19:30:51","modified_gmt":"2018-11-09T22:30:51","slug":"baradero-condenaron-a-7-anos-a-un-sujeto-por-haber-golpeado-a-su-hijastro","status":"publish","type":"post","link":"https:\/\/eldiariodesanpedro.com.ar\/sitio\/baradero-condenaron-a-7-anos-a-un-sujeto-por-haber-golpeado-a-su-hijastro\/","title":{"rendered":"BARADERO: Condenaron a 7 a\u00f1os a un sujeto por haber golpeado a su hijastro"},"content":{"rendered":"<p><!-- VideographyWP Plugin Message: Automatic video embedding prevented by plugin options. --><br \/>\nEl Tribunal de San Nicol\u00e1s dio a conocer la sentencia este mi\u00e9rcoles tras seguirse el proceso en el que Sergio Lambert est\u00e1 acusado de \u201ctentativa de homicidio\u201d tras atacar a Agust\u00edn Ar\u00e9valo.<br \/>\nEl joven de 25 a\u00f1os era su hijastro y en octubre de 2016 Lambert lo golpe\u00f3 con una pala en su cabeza. Producto de las lesiones que sufri\u00f3 su situaci\u00f3n de salud se vio deteriorada. Para la Fiscal\u00eda del Dr. Vicente G\u00f3mez \u201cm\u00e1s all\u00e1 de que no est\u00e9 muerto, el damnificado ha perdido la vida porque ha quedado con una discapacidad permanente\u201d.<\/p>\n<p>La familia directa del chico hab\u00eda se\u00f1alado que el joven se hab\u00eda ca\u00eddo de un techo. Pero posteriormente su abuela descubri\u00f3 mediante un informe m\u00e9dico que lo hab\u00edan golpeado.<\/p>\n<p>El debate se inici\u00f3 el d\u00eda viernes y la condena se conoci\u00f3 este mi\u00e9rcoles.<\/p>\n<p>Por Tu Radio el Fiscal Vicente G\u00f3mez confirm\u00f3 en exclusiva los detalles de la causa y la sentencia.<\/p>\n<p>\u201cEste episodio ocurri\u00f3 en octubre de 2016 en un domicilio de calle G\u00fciraldes cuando integrantes de una familia se encontraban trabajando en una obra de alba\u00f1iler\u00eda\u201d, se\u00f1al\u00f3 el titular de la UFI 9.<\/p>\n<p>\u201cEl imputado Sergio Lambert, esposo de la madre de la v\u00edctima. Este sujeto tom\u00f3 una pala ancha y le aplic\u00f3 un golpe en la cabeza. El chico de 25 a\u00f1os pudo irse a su domicilio y despu\u00e9s trasladado a un hospital. Estuvo internado en terapia intensiva con riesgo de perder la vida\u201d, relat\u00f3 los G\u00f3mez.<\/p>\n<p>Con el aporte de testigos y la intervenci\u00f3n de familiares se pudo determinar lo ocurrido y Lambert fue acusado y posteriormente condenado por \u201cTentativa de Homicidio\u201d. As\u00ed mismo de \u201cviolaci\u00f3n de domicilio y amenazas coactivas\u201d; tras ser denunciado por otro familiar por ingresar a una vivienda.<\/p>\n<p>Lambert adem\u00e1s tiene en su haber varios antecedentes.<\/p>\n<p>Fuente: Tu L\u00ednea Directa<\/p>\n","protected":false},"excerpt":{"rendered":"<p>El Tribunal de San Nicol\u00e1s dio a conocer la sentencia este mi\u00e9rcoles tras seguirse el proceso en el que Sergio Lambert est\u00e1 acusado de \u201ctentativa de homicidio\u201d tras atacar a Agust\u00edn Ar\u00e9valo. El joven de 25 a\u00f1os era su hijastro y en octubre de 2016 Lambert lo golpe\u00f3 con una pala en su cabeza. Producto [&hellip;]<\/p>\n","protected":false},"author":4,"featured_media":43280,"comment_status":"open","ping_status":"closed","sticky":false,"template":"","format":"standard","meta":{"om_disable_all_campaigns":false,"_jetpack_memberships_contains_paid_content":false,"footnotes":""},"categories":[621],"tags":[],"class_list":["post-43279","post","type-post","status-publish","format-standard","has-post-thumbnail","hentry","category-regionales"],"aioseo_notices":[],"gutentor_comment":0,"jetpack_featured_media_url":"https:\/\/eldiariodesanpedro.com.ar\/sitio\/wp-content\/uploads\/2018\/11\/Sin-t\u00edtulo-3.jpg","jetpack_shortlink":"https:\/\/wp.me\/p6RhLt-bg3","jetpack_sharing_enabled":true,"_links":{"self":[{"href":"https:\/\/eldiariodesanpedro.com.ar\/sitio\/wp-json\/wp\/v2\/posts\/43279","targetHints":{"allow":["GET"]}}],"collection":[{"href":"https:\/\/eldiariodesanpedro.com.ar\/sitio\/wp-json\/wp\/v2\/posts"}],"about":[{"href":"https:\/\/eldiariodesanpedro.com.ar\/sitio\/wp-json\/wp\/v2\/types\/post"}],"author":[{"embeddable":true,"href":"https:\/\/eldiariodesanpedro.com.ar\/sitio\/wp-json\/wp\/v2\/users\/4"}],"replies":[{"embeddable":true,"href":"https:\/\/eldiariodesanpedro.com.ar\/sitio\/wp-json\/wp\/v2\/comments?post=43279"}],"version-history":[{"count":1,"href":"https:\/\/eldiariodesanpedro.com.ar\/sitio\/wp-json\/wp\/v2\/posts\/43279\/revisions"}],"predecessor-version":[{"id":43281,"href":"https:\/\/eldiariodesanpedro.com.ar\/sitio\/wp-json\/wp\/v2\/posts\/43279\/revisions\/43281"}],"wp:featuredmedia":[{"embeddable":true,"href":"https:\/\/eldiariodesanpedro.com.ar\/sitio\/wp-json\/wp\/v2\/media\/43280"}],"wp:attachment":[{"href":"https:\/\/eldiariodesanpedro.com.ar\/sitio\/wp-json\/wp\/v2\/media?parent=43279"}],"wp:term":[{"taxonomy":"category","embeddable":true,"href":"https:\/\/eldiariodesanpedro.com.ar\/sitio\/wp-json\/wp\/v2\/categories?post=43279"},{"taxonomy":"post_tag","embeddable":true,"href":"https:\/\/eldiariodesanpedro.com.ar\/sitio\/wp-json\/wp\/v2\/tags?post=43279"}],"curies":[{"name":"wp","href":"https:\/\/api.w.org\/{rel}","templated":true}]}}