{"id":43262,"date":"2018-11-09T18:53:31","date_gmt":"2018-11-09T21:53:31","guid":{"rendered":"https:\/\/eldiariodesanpedro.com.ar\/sitio\/?p=43262"},"modified":"2018-11-09T18:53:31","modified_gmt":"2018-11-09T21:53:31","slug":"nos-visito-el-ministro-de-asuntos-publicos-cecilio-tiene-como-prioridad-las-necesidades-de-la-gente","status":"publish","type":"post","link":"https:\/\/eldiariodesanpedro.com.ar\/sitio\/nos-visito-el-ministro-de-asuntos-publicos-cecilio-tiene-como-prioridad-las-necesidades-de-la-gente\/","title":{"rendered":"Nos visito el Ministro de Asuntos P\u00fablicos: \u00abCecilio tiene como prioridad las necesidades de la gente\u00bb"},"content":{"rendered":"<p><!-- VideographyWP Plugin Message: Automatic video embedding prevented by plugin options. --><br \/>\nEste viernes por la ma\u00f1ana, el funcionario provincial lleg\u00f3 a la ciudad acompa\u00f1ado del Intendente Cecilio Salazar, donde realizaron una recorrida por obras en Gobernador Castro y el Barrio El Argentino. Adem\u00e1s el Subsecretario Administrativo de la Direcci\u00f3n General de Cultura, Diego Taurizano estuvo presente participando de la misma.<\/p>\n<p>Luego de la recorrida, cerca de las 13hs, el Jefe Comunal, junto al ministro de Asuntos P\u00fablicos Federico Su\u00e1rez y Taurizano reafirmaron el acta de inicio de las obras en la Escuela de Banfield.<\/p>\n<p>Se brindo a los medios locales presentes una conferencia de prensa en el despacho del Intendente donde el Ministro se refiri\u00f3 a lo que fue su visita y las obras en recorridas:<\/p>\n<p>\u00abLa Gobernadora nos pide siempre , hablen con la gente, est\u00e9n con la gente, siempre dispuestos a recibir nuestros pedidos, se que esta peleando mucho por nuestro presupuesto, y se que va a lograr que todos los distritos terminen y sigan haci\u00e9ndolas, Federico y Diego est\u00e1n ac\u00e1 para eso\u00bb, expreso Cecilio.<\/p>\n<p>Luego de las palabras del intendente se firmo el convenio con el Ministro y continuaba de esta manera por su parte Suarez:<\/p>\n<p>\u00abContento de estar en San Pedro, es una de las primeras ciudades que vine a visitar, es muy lindo que el Intendente ponga como prioridad de la gente, con pavimento, cloacas, gas, eso es importante, mas de 400 cuadras pavimentadas, y las calles de la localidad de Castro es hist\u00f3rico, Cecilio ya presento ademas el proyecto para el acceso tambi\u00e9n\u00bb <\/p>\n<p>\u00abMe parece que es un modelo en la provincia porque hay much\u00edsima inversi\u00f3n puesta en la calle, en lo que la gente necesita para transitar, para tener mejor calidad de vida y mejorar su barrio\u201d.<\/p>\n<p>Taurizano con respecto a la escuela de Banfield: \u00abEs una escuela de casi 1200 mts., 6 aulas, zoom, laboratorio y dem\u00e1s; tiene un plazo de 300 d\u00edas aproximadamente para finalizar la obra\u00bb<\/p>\n<p>En cuanto al jard\u00edn, dijo: \u201cEn los pr\u00f3ximos d\u00edas se va a estar resolviendo si la obra la hacemos desde la direcci\u00f3n de escuelas o si la hace el municipio pero la decisi\u00f3n de terminarla este a\u00f1o est\u00e1 tomada\u00bb<\/p>\n<div data-carousel-extra='{&quot;blog_id&quot;:1,&quot;permalink&quot;:&quot;https:\/\/eldiariodesanpedro.com.ar\/sitio\/nos-visito-el-ministro-de-asuntos-publicos-cecilio-tiene-como-prioridad-las-necesidades-de-la-gente\/&quot;}' id='gallery-1' class='gallery galleryid-43262 gallery-columns-3 gallery-size-large'><figure class='gallery-item'>\n\t\t\t<div class='gallery-icon landscape'>\n\t\t\t\t<a href='https:\/\/eldiariodesanpedro.com.ar\/sitio\/wp-content\/uploads\/2018\/11\/45805332_2050772178303115_6048532271781117952_n.jpg'><img decoding=\"async\" width=\"640\" height=\"311\" data-src=\"https:\/\/eldiariodesanpedro.com.ar\/sitio\/wp-content\/uploads\/2018\/11\/45805332_2050772178303115_6048532271781117952_n-1024x498.jpg\" class=\"attachment-large size-large lazyload\" alt=\"El Diario de San Pedro | Noticias locales y regionales\" data-srcset=\"https:\/\/eldiariodesanpedro.com.ar\/sitio\/wp-content\/uploads\/2018\/11\/45805332_2050772178303115_6048532271781117952_n-1024x498.jpg 1024w, https:\/\/eldiariodesanpedro.com.ar\/sitio\/wp-content\/uploads\/2018\/11\/45805332_2050772178303115_6048532271781117952_n-300x146.jpg 300w, https:\/\/eldiariodesanpedro.com.ar\/sitio\/wp-content\/uploads\/2018\/11\/45805332_2050772178303115_6048532271781117952_n-768x373.jpg 768w\" data-sizes=\"(max-width: 640px) 100vw, 640px\" data-attachment-id=\"43271\" data-permalink=\"https:\/\/eldiariodesanpedro.com.ar\/sitio\/nos-visito-el-ministro-de-asuntos-publicos-cecilio-tiene-como-prioridad-las-necesidades-de-la-gente\/45805332_2050772178303115_6048532271781117952_n\/\" data-orig-file=\"https:\/\/eldiariodesanpedro.com.ar\/sitio\/wp-content\/uploads\/2018\/11\/45805332_2050772178303115_6048532271781117952_n.jpg\" data-orig-size=\"4032,1960\" data-comments-opened=\"1\" data-image-meta=\"{&quot;aperture&quot;:&quot;0&quot;,&quot;credit&quot;:&quot;&quot;,&quot;camera&quot;:&quot;&quot;,&quot;caption&quot;:&quot;&quot;,&quot;created_timestamp&quot;:&quot;0&quot;,&quot;copyright&quot;:&quot;&quot;,&quot;focal_length&quot;:&quot;0&quot;,&quot;iso&quot;:&quot;0&quot;,&quot;shutter_speed&quot;:&quot;0&quot;,&quot;title&quot;:&quot;&quot;,&quot;orientation&quot;:&quot;0&quot;}\" data-image-title=\"45805332_2050772178303115_6048532271781117952_n\" data-image-description=\"\" data-image-caption=\"\" data-large-file=\"https:\/\/eldiariodesanpedro.com.ar\/sitio\/wp-content\/uploads\/2018\/11\/45805332_2050772178303115_6048532271781117952_n-1024x498.jpg\" src=\"data:image\/svg+xml;base64,PHN2ZyB3aWR0aD0iMSIgaGVpZ2h0PSIxIiB4bWxucz0iaHR0cDovL3d3dy53My5vcmcvMjAwMC9zdmciPjwvc3ZnPg==\" style=\"--smush-placeholder-width: 640px; --smush-placeholder-aspect-ratio: 640\/311;\" \/><\/a>\n\t\t\t<\/div><\/figure><figure class='gallery-item'>\n\t\t\t<div class='gallery-icon landscape'>\n\t\t\t\t<a href='https:\/\/eldiariodesanpedro.com.ar\/sitio\/wp-content\/uploads\/2018\/11\/45891383_321747388654431_7354408359346307072_n.jpg'><img decoding=\"async\" width=\"640\" height=\"311\" data-src=\"https:\/\/eldiariodesanpedro.com.ar\/sitio\/wp-content\/uploads\/2018\/11\/45891383_321747388654431_7354408359346307072_n-1024x498.jpg\" class=\"attachment-large size-large lazyload\" alt=\"El Diario de San Pedro | Noticias locales y regionales\" data-srcset=\"https:\/\/eldiariodesanpedro.com.ar\/sitio\/wp-content\/uploads\/2018\/11\/45891383_321747388654431_7354408359346307072_n-1024x498.jpg 1024w, https:\/\/eldiariodesanpedro.com.ar\/sitio\/wp-content\/uploads\/2018\/11\/45891383_321747388654431_7354408359346307072_n-300x146.jpg 300w, https:\/\/eldiariodesanpedro.com.ar\/sitio\/wp-content\/uploads\/2018\/11\/45891383_321747388654431_7354408359346307072_n-768x373.jpg 768w\" data-sizes=\"(max-width: 640px) 100vw, 640px\" data-attachment-id=\"43272\" data-permalink=\"https:\/\/eldiariodesanpedro.com.ar\/sitio\/nos-visito-el-ministro-de-asuntos-publicos-cecilio-tiene-como-prioridad-las-necesidades-de-la-gente\/45891383_321747388654431_7354408359346307072_n\/\" data-orig-file=\"https:\/\/eldiariodesanpedro.com.ar\/sitio\/wp-content\/uploads\/2018\/11\/45891383_321747388654431_7354408359346307072_n.jpg\" data-orig-size=\"4032,1960\" data-comments-opened=\"1\" data-image-meta=\"{&quot;aperture&quot;:&quot;0&quot;,&quot;credit&quot;:&quot;&quot;,&quot;camera&quot;:&quot;&quot;,&quot;caption&quot;:&quot;&quot;,&quot;created_timestamp&quot;:&quot;0&quot;,&quot;copyright&quot;:&quot;&quot;,&quot;focal_length&quot;:&quot;0&quot;,&quot;iso&quot;:&quot;0&quot;,&quot;shutter_speed&quot;:&quot;0&quot;,&quot;title&quot;:&quot;&quot;,&quot;orientation&quot;:&quot;0&quot;}\" data-image-title=\"45891383_321747388654431_7354408359346307072_n\" data-image-description=\"\" data-image-caption=\"\" data-large-file=\"https:\/\/eldiariodesanpedro.com.ar\/sitio\/wp-content\/uploads\/2018\/11\/45891383_321747388654431_7354408359346307072_n-1024x498.jpg\" src=\"data:image\/svg+xml;base64,PHN2ZyB3aWR0aD0iMSIgaGVpZ2h0PSIxIiB4bWxucz0iaHR0cDovL3d3dy53My5vcmcvMjAwMC9zdmciPjwvc3ZnPg==\" style=\"--smush-placeholder-width: 640px; --smush-placeholder-aspect-ratio: 640\/311;\" \/><\/a>\n\t\t\t<\/div><\/figure><figure class='gallery-item'>\n\t\t\t<div class='gallery-icon landscape'>\n\t\t\t\t<a href='https:\/\/eldiariodesanpedro.com.ar\/sitio\/wp-content\/uploads\/2018\/11\/45779660_340417146753825_4901419289535315968_n.jpg'><img decoding=\"async\" width=\"640\" height=\"311\" data-src=\"https:\/\/eldiariodesanpedro.com.ar\/sitio\/wp-content\/uploads\/2018\/11\/45779660_340417146753825_4901419289535315968_n-1024x498.jpg\" class=\"attachment-large size-large lazyload\" alt=\"El Diario de San Pedro | Noticias locales y regionales\" data-srcset=\"https:\/\/eldiariodesanpedro.com.ar\/sitio\/wp-content\/uploads\/2018\/11\/45779660_340417146753825_4901419289535315968_n-1024x498.jpg 1024w, https:\/\/eldiariodesanpedro.com.ar\/sitio\/wp-content\/uploads\/2018\/11\/45779660_340417146753825_4901419289535315968_n-300x146.jpg 300w, https:\/\/eldiariodesanpedro.com.ar\/sitio\/wp-content\/uploads\/2018\/11\/45779660_340417146753825_4901419289535315968_n-768x373.jpg 768w\" data-sizes=\"(max-width: 640px) 100vw, 640px\" data-attachment-id=\"43270\" data-permalink=\"https:\/\/eldiariodesanpedro.com.ar\/sitio\/nos-visito-el-ministro-de-asuntos-publicos-cecilio-tiene-como-prioridad-las-necesidades-de-la-gente\/45779660_340417146753825_4901419289535315968_n\/\" data-orig-file=\"https:\/\/eldiariodesanpedro.com.ar\/sitio\/wp-content\/uploads\/2018\/11\/45779660_340417146753825_4901419289535315968_n.jpg\" data-orig-size=\"4032,1960\" data-comments-opened=\"1\" data-image-meta=\"{&quot;aperture&quot;:&quot;0&quot;,&quot;credit&quot;:&quot;&quot;,&quot;camera&quot;:&quot;&quot;,&quot;caption&quot;:&quot;&quot;,&quot;created_timestamp&quot;:&quot;0&quot;,&quot;copyright&quot;:&quot;&quot;,&quot;focal_length&quot;:&quot;0&quot;,&quot;iso&quot;:&quot;0&quot;,&quot;shutter_speed&quot;:&quot;0&quot;,&quot;title&quot;:&quot;&quot;,&quot;orientation&quot;:&quot;0&quot;}\" data-image-title=\"45779660_340417146753825_4901419289535315968_n\" data-image-description=\"\" data-image-caption=\"\" data-large-file=\"https:\/\/eldiariodesanpedro.com.ar\/sitio\/wp-content\/uploads\/2018\/11\/45779660_340417146753825_4901419289535315968_n-1024x498.jpg\" src=\"data:image\/svg+xml;base64,PHN2ZyB3aWR0aD0iMSIgaGVpZ2h0PSIxIiB4bWxucz0iaHR0cDovL3d3dy53My5vcmcvMjAwMC9zdmciPjwvc3ZnPg==\" style=\"--smush-placeholder-width: 640px; --smush-placeholder-aspect-ratio: 640\/311;\" \/><\/a>\n\t\t\t<\/div><\/figure><figure class='gallery-item'>\n\t\t\t<div class='gallery-icon landscape'>\n\t\t\t\t<a href='https:\/\/eldiariodesanpedro.com.ar\/sitio\/wp-content\/uploads\/2018\/11\/45754838_495549050934283_2729287777706311680_n.jpg'><img decoding=\"async\" width=\"640\" height=\"311\" data-src=\"https:\/\/eldiariodesanpedro.com.ar\/sitio\/wp-content\/uploads\/2018\/11\/45754838_495549050934283_2729287777706311680_n-1024x498.jpg\" class=\"attachment-large size-large lazyload\" alt=\"El Diario de San Pedro | Noticias locales y regionales\" data-srcset=\"https:\/\/eldiariodesanpedro.com.ar\/sitio\/wp-content\/uploads\/2018\/11\/45754838_495549050934283_2729287777706311680_n-1024x498.jpg 1024w, https:\/\/eldiariodesanpedro.com.ar\/sitio\/wp-content\/uploads\/2018\/11\/45754838_495549050934283_2729287777706311680_n-300x146.jpg 300w, https:\/\/eldiariodesanpedro.com.ar\/sitio\/wp-content\/uploads\/2018\/11\/45754838_495549050934283_2729287777706311680_n-768x373.jpg 768w\" data-sizes=\"(max-width: 640px) 100vw, 640px\" data-attachment-id=\"43269\" data-permalink=\"https:\/\/eldiariodesanpedro.com.ar\/sitio\/nos-visito-el-ministro-de-asuntos-publicos-cecilio-tiene-como-prioridad-las-necesidades-de-la-gente\/45754838_495549050934283_2729287777706311680_n\/\" data-orig-file=\"https:\/\/eldiariodesanpedro.com.ar\/sitio\/wp-content\/uploads\/2018\/11\/45754838_495549050934283_2729287777706311680_n.jpg\" data-orig-size=\"4032,1960\" data-comments-opened=\"1\" data-image-meta=\"{&quot;aperture&quot;:&quot;0&quot;,&quot;credit&quot;:&quot;&quot;,&quot;camera&quot;:&quot;&quot;,&quot;caption&quot;:&quot;&quot;,&quot;created_timestamp&quot;:&quot;0&quot;,&quot;copyright&quot;:&quot;&quot;,&quot;focal_length&quot;:&quot;0&quot;,&quot;iso&quot;:&quot;0&quot;,&quot;shutter_speed&quot;:&quot;0&quot;,&quot;title&quot;:&quot;&quot;,&quot;orientation&quot;:&quot;0&quot;}\" data-image-title=\"45754838_495549050934283_2729287777706311680_n\" data-image-description=\"\" data-image-caption=\"\" data-large-file=\"https:\/\/eldiariodesanpedro.com.ar\/sitio\/wp-content\/uploads\/2018\/11\/45754838_495549050934283_2729287777706311680_n-1024x498.jpg\" src=\"data:image\/svg+xml;base64,PHN2ZyB3aWR0aD0iMSIgaGVpZ2h0PSIxIiB4bWxucz0iaHR0cDovL3d3dy53My5vcmcvMjAwMC9zdmciPjwvc3ZnPg==\" style=\"--smush-placeholder-width: 640px; --smush-placeholder-aspect-ratio: 640\/311;\" \/><\/a>\n\t\t\t<\/div><\/figure>\n\t\t<\/div>\n\n","protected":false},"excerpt":{"rendered":"<p>Este viernes por la ma\u00f1ana, el funcionario provincial lleg\u00f3 a la ciudad acompa\u00f1ado del Intendente Cecilio Salazar, donde realizaron una recorrida por obras en Gobernador Castro y el Barrio El Argentino. Adem\u00e1s el Subsecretario Administrativo de la Direcci\u00f3n General de Cultura, Diego Taurizano estuvo presente participando de la misma. Luego de la recorrida, cerca de [&hellip;]<\/p>\n","protected":false},"author":4,"featured_media":43272,"comment_status":"open","ping_status":"closed","sticky":false,"template":"","format":"standard","meta":{"om_disable_all_campaigns":false,"_jetpack_memberships_contains_paid_content":false,"footnotes":""},"categories":[50,101,2],"tags":[],"class_list":["post-43262","post","type-post","status-publish","format-standard","has-post-thumbnail","hentry","category-destacadas","category-interes-general-locales","category-locales"],"aioseo_notices":[],"gutentor_comment":0,"jetpack_featured_media_url":"https:\/\/eldiariodesanpedro.com.ar\/sitio\/wp-content\/uploads\/2018\/11\/45891383_321747388654431_7354408359346307072_n.jpg","jetpack_shortlink":"https:\/\/wp.me\/p6RhLt-bfM","jetpack_sharing_enabled":true,"_links":{"self":[{"href":"https:\/\/eldiariodesanpedro.com.ar\/sitio\/wp-json\/wp\/v2\/posts\/43262","targetHints":{"allow":["GET"]}}],"collection":[{"href":"https:\/\/eldiariodesanpedro.com.ar\/sitio\/wp-json\/wp\/v2\/posts"}],"about":[{"href":"https:\/\/eldiariodesanpedro.com.ar\/sitio\/wp-json\/wp\/v2\/types\/post"}],"author":[{"embeddable":true,"href":"https:\/\/eldiariodesanpedro.com.ar\/sitio\/wp-json\/wp\/v2\/users\/4"}],"replies":[{"embeddable":true,"href":"https:\/\/eldiariodesanpedro.com.ar\/sitio\/wp-json\/wp\/v2\/comments?post=43262"}],"version-history":[{"count":1,"href":"https:\/\/eldiariodesanpedro.com.ar\/sitio\/wp-json\/wp\/v2\/posts\/43262\/revisions"}],"predecessor-version":[{"id":43277,"href":"https:\/\/eldiariodesanpedro.com.ar\/sitio\/wp-json\/wp\/v2\/posts\/43262\/revisions\/43277"}],"wp:featuredmedia":[{"embeddable":true,"href":"https:\/\/eldiariodesanpedro.com.ar\/sitio\/wp-json\/wp\/v2\/media\/43272"}],"wp:attachment":[{"href":"https:\/\/eldiariodesanpedro.com.ar\/sitio\/wp-json\/wp\/v2\/media?parent=43262"}],"wp:term":[{"taxonomy":"category","embeddable":true,"href":"https:\/\/eldiariodesanpedro.com.ar\/sitio\/wp-json\/wp\/v2\/categories?post=43262"},{"taxonomy":"post_tag","embeddable":true,"href":"https:\/\/eldiariodesanpedro.com.ar\/sitio\/wp-json\/wp\/v2\/tags?post=43262"}],"curies":[{"name":"wp","href":"https:\/\/api.w.org\/{rel}","templated":true}]}}