{"id":43255,"date":"2018-11-09T10:01:29","date_gmt":"2018-11-09T13:01:29","guid":{"rendered":"https:\/\/eldiariodesanpedro.com.ar\/sitio\/?p=43255"},"modified":"2018-11-09T10:01:29","modified_gmt":"2018-11-09T13:01:29","slug":"gendarmeria-efectuo-ejercicios-en-san-pedro-como-preparativo-para-el-g20","status":"publish","type":"post","link":"https:\/\/eldiariodesanpedro.com.ar\/sitio\/gendarmeria-efectuo-ejercicios-en-san-pedro-como-preparativo-para-el-g20\/","title":{"rendered":"Gendarmer\u00eda efectu\u00f3 ejercicios en San Pedro como preparativo para el G20"},"content":{"rendered":"<p><!-- VideographyWP Plugin Message: Automatic video embedding prevented by plugin options. --><br \/>\nEl grupo \u00abAlacran\u00bb juntos a la m\u00e1xima autoridad de la fuerza el Comandante Otero estuvo en el aer\u00f3dromo de la ciudad para acompa\u00f1ar los ejercicios que el cuerpo especial este jueves.<\/p>\n<p>Con la participaci\u00f3n del cuerpo especializado \u201cAlacr\u00e1n\u201d, Gendarmer\u00eda Nacional efectu\u00f3 trabajos de entrenamientos en el aer\u00f3dromo San Pedro. Los entrenamientos estuvieron relacionados a las posibles intervenciones que este cuerpo de \u00e9lite efect\u00faa cada vez que es requerido con el encuentro G20 como objetivo m\u00e1s cercano.<\/p>\n<p>Las tareas de paracaidismo fueron seguidas desde cerca por el Comandante General Gerardo Jos\u00e9 Otero, Director Nacional de Gendarmer\u00eda Nacional.<\/p>\n<p>\u201cHemos venido a acompa\u00f1ar nuestras fuerzas especiales \u201cAlacr\u00e1n\u201d que entrenan por un sin n\u00famero de aspectos y motivos\u201d, dijo Otero en el aire de Fm G\u00e9nesis.<\/p>\n<p>\u201cNecesitamos responder a la comunidad y por otro lado tenemos un evento pr\u00f3ximo como el G20 que nos exige al m\u00e1ximo y donde tenemos que tener calidad profesional de nuestros efectivos de natural superlativa\u201d.<\/p>\n<p>\u201cHay una sumatoria de motivos por el que venimos eligiendo San Pedro como la caracter\u00edsticas de las pistas, la calidad del terreno, no est\u00e1 concentrado ni reducido el lugar, y que realmente responde a la expectativa que tenemos como instituci\u00f3n para dar una calidad de servicio de seguridad de alta exigencia en el mejor de los niveles\u201d, sostuvo.<\/p>\n<p>\u201cHoy por primer vez una paracaidista de fuerzas especiales tiene su bautismo en San Pedro, una mujer nace como paracaidista aqu\u00ed, el resto de la gente que participa es sumamente experimentada  que son la elite de la elite\u201d, cont\u00f3 el Director Nacional.<\/p>\n<p>\u201cSan Pedro es una comunidad que nos ha abierto los brazos, nos sentimos muy c\u00f3modos y la intensi\u00f3n es la de regresar y trabajar permanentemente\u201d. <\/p>\n<p>\u201cUn gran saludo a toda la comunidad de San Pedro\u201d.<\/p>\n<p>Fuente: San Pedro Informa<\/p>\n<p><img decoding=\"async\" data-attachment-id=\"43257\" data-permalink=\"https:\/\/eldiariodesanpedro.com.ar\/sitio\/gendarmeria-efectuo-ejercicios-en-san-pedro-como-preparativo-para-el-g20\/whatsapp-image-2018-11-09-at-09-36-37\/\" data-orig-file=\"https:\/\/eldiariodesanpedro.com.ar\/sitio\/wp-content\/uploads\/2018\/11\/WhatsApp-Image-2018-11-09-at-09.36.37.jpeg\" data-orig-size=\"1280,622\" data-comments-opened=\"1\" data-image-meta=\"{&quot;aperture&quot;:&quot;0&quot;,&quot;credit&quot;:&quot;&quot;,&quot;camera&quot;:&quot;&quot;,&quot;caption&quot;:&quot;&quot;,&quot;created_timestamp&quot;:&quot;0&quot;,&quot;copyright&quot;:&quot;&quot;,&quot;focal_length&quot;:&quot;0&quot;,&quot;iso&quot;:&quot;0&quot;,&quot;shutter_speed&quot;:&quot;0&quot;,&quot;title&quot;:&quot;&quot;,&quot;orientation&quot;:&quot;0&quot;}\" data-image-title=\"WhatsApp Image 2018-11-09 at 09.36.37\" data-image-description=\"\" data-image-caption=\"\" data-large-file=\"https:\/\/eldiariodesanpedro.com.ar\/sitio\/wp-content\/uploads\/2018\/11\/WhatsApp-Image-2018-11-09-at-09.36.37-1024x498.jpeg\" data-src=\"https:\/\/eldiariodesanpedro.com.ar\/sitio\/wp-content\/uploads\/2018\/11\/WhatsApp-Image-2018-11-09-at-09.36.37-1024x498.jpeg\" alt=\"\" width=\"660\" height=\"321\" class=\"alignnone size-large wp-image-43257 lazyload\" data-srcset=\"https:\/\/eldiariodesanpedro.com.ar\/sitio\/wp-content\/uploads\/2018\/11\/WhatsApp-Image-2018-11-09-at-09.36.37-1024x498.jpeg 1024w, https:\/\/eldiariodesanpedro.com.ar\/sitio\/wp-content\/uploads\/2018\/11\/WhatsApp-Image-2018-11-09-at-09.36.37-300x146.jpeg 300w, https:\/\/eldiariodesanpedro.com.ar\/sitio\/wp-content\/uploads\/2018\/11\/WhatsApp-Image-2018-11-09-at-09.36.37-768x373.jpeg 768w, https:\/\/eldiariodesanpedro.com.ar\/sitio\/wp-content\/uploads\/2018\/11\/WhatsApp-Image-2018-11-09-at-09.36.37.jpeg 1280w\" data-sizes=\"(max-width: 660px) 100vw, 660px\" src=\"data:image\/svg+xml;base64,PHN2ZyB3aWR0aD0iMSIgaGVpZ2h0PSIxIiB4bWxucz0iaHR0cDovL3d3dy53My5vcmcvMjAwMC9zdmciPjwvc3ZnPg==\" style=\"--smush-placeholder-width: 660px; --smush-placeholder-aspect-ratio: 660\/321;\" \/><\/p>\n<p><img decoding=\"async\" data-attachment-id=\"43258\" data-permalink=\"https:\/\/eldiariodesanpedro.com.ar\/sitio\/gendarmeria-efectuo-ejercicios-en-san-pedro-como-preparativo-para-el-g20\/whatsapp-image-2018-11-09-at-09-36-40\/\" data-orig-file=\"https:\/\/eldiariodesanpedro.com.ar\/sitio\/wp-content\/uploads\/2018\/11\/WhatsApp-Image-2018-11-09-at-09.36.40.jpeg\" data-orig-size=\"1280,622\" data-comments-opened=\"1\" data-image-meta=\"{&quot;aperture&quot;:&quot;0&quot;,&quot;credit&quot;:&quot;&quot;,&quot;camera&quot;:&quot;&quot;,&quot;caption&quot;:&quot;&quot;,&quot;created_timestamp&quot;:&quot;0&quot;,&quot;copyright&quot;:&quot;&quot;,&quot;focal_length&quot;:&quot;0&quot;,&quot;iso&quot;:&quot;0&quot;,&quot;shutter_speed&quot;:&quot;0&quot;,&quot;title&quot;:&quot;&quot;,&quot;orientation&quot;:&quot;0&quot;}\" data-image-title=\"WhatsApp Image 2018-11-09 at 09.36.40\" data-image-description=\"\" data-image-caption=\"\" data-large-file=\"https:\/\/eldiariodesanpedro.com.ar\/sitio\/wp-content\/uploads\/2018\/11\/WhatsApp-Image-2018-11-09-at-09.36.40-1024x498.jpeg\" data-src=\"https:\/\/eldiariodesanpedro.com.ar\/sitio\/wp-content\/uploads\/2018\/11\/WhatsApp-Image-2018-11-09-at-09.36.40-1024x498.jpeg\" alt=\"\" width=\"660\" height=\"321\" class=\"alignnone size-large wp-image-43258 lazyload\" data-srcset=\"https:\/\/eldiariodesanpedro.com.ar\/sitio\/wp-content\/uploads\/2018\/11\/WhatsApp-Image-2018-11-09-at-09.36.40-1024x498.jpeg 1024w, https:\/\/eldiariodesanpedro.com.ar\/sitio\/wp-content\/uploads\/2018\/11\/WhatsApp-Image-2018-11-09-at-09.36.40-300x146.jpeg 300w, https:\/\/eldiariodesanpedro.com.ar\/sitio\/wp-content\/uploads\/2018\/11\/WhatsApp-Image-2018-11-09-at-09.36.40-768x373.jpeg 768w, https:\/\/eldiariodesanpedro.com.ar\/sitio\/wp-content\/uploads\/2018\/11\/WhatsApp-Image-2018-11-09-at-09.36.40.jpeg 1280w\" data-sizes=\"(max-width: 660px) 100vw, 660px\" src=\"data:image\/svg+xml;base64,PHN2ZyB3aWR0aD0iMSIgaGVpZ2h0PSIxIiB4bWxucz0iaHR0cDovL3d3dy53My5vcmcvMjAwMC9zdmciPjwvc3ZnPg==\" style=\"--smush-placeholder-width: 660px; --smush-placeholder-aspect-ratio: 660\/321;\" \/><\/p>\n","protected":false},"excerpt":{"rendered":"<p>El grupo \u00abAlacran\u00bb juntos a la m\u00e1xima autoridad de la fuerza el Comandante Otero estuvo en el aer\u00f3dromo de la ciudad para acompa\u00f1ar los ejercicios que el cuerpo especial este jueves. Con la participaci\u00f3n del cuerpo especializado \u201cAlacr\u00e1n\u201d, Gendarmer\u00eda Nacional efectu\u00f3 trabajos de entrenamientos en el aer\u00f3dromo San Pedro. Los entrenamientos estuvieron relacionados a las [&hellip;]<\/p>\n","protected":false},"author":4,"featured_media":43256,"comment_status":"open","ping_status":"closed","sticky":false,"template":"","format":"standard","meta":{"om_disable_all_campaigns":false,"_jetpack_memberships_contains_paid_content":false,"footnotes":""},"categories":[50,101,2],"tags":[],"class_list":["post-43255","post","type-post","status-publish","format-standard","has-post-thumbnail","hentry","category-destacadas","category-interes-general-locales","category-locales"],"aioseo_notices":[],"gutentor_comment":0,"jetpack_featured_media_url":"https:\/\/eldiariodesanpedro.com.ar\/sitio\/wp-content\/uploads\/2018\/11\/WhatsApp-Image-2018-11-09-at-09.36.34.jpeg","jetpack_shortlink":"https:\/\/wp.me\/p6RhLt-bfF","jetpack_sharing_enabled":true,"_links":{"self":[{"href":"https:\/\/eldiariodesanpedro.com.ar\/sitio\/wp-json\/wp\/v2\/posts\/43255","targetHints":{"allow":["GET"]}}],"collection":[{"href":"https:\/\/eldiariodesanpedro.com.ar\/sitio\/wp-json\/wp\/v2\/posts"}],"about":[{"href":"https:\/\/eldiariodesanpedro.com.ar\/sitio\/wp-json\/wp\/v2\/types\/post"}],"author":[{"embeddable":true,"href":"https:\/\/eldiariodesanpedro.com.ar\/sitio\/wp-json\/wp\/v2\/users\/4"}],"replies":[{"embeddable":true,"href":"https:\/\/eldiariodesanpedro.com.ar\/sitio\/wp-json\/wp\/v2\/comments?post=43255"}],"version-history":[{"count":1,"href":"https:\/\/eldiariodesanpedro.com.ar\/sitio\/wp-json\/wp\/v2\/posts\/43255\/revisions"}],"predecessor-version":[{"id":43261,"href":"https:\/\/eldiariodesanpedro.com.ar\/sitio\/wp-json\/wp\/v2\/posts\/43255\/revisions\/43261"}],"wp:featuredmedia":[{"embeddable":true,"href":"https:\/\/eldiariodesanpedro.com.ar\/sitio\/wp-json\/wp\/v2\/media\/43256"}],"wp:attachment":[{"href":"https:\/\/eldiariodesanpedro.com.ar\/sitio\/wp-json\/wp\/v2\/media?parent=43255"}],"wp:term":[{"taxonomy":"category","embeddable":true,"href":"https:\/\/eldiariodesanpedro.com.ar\/sitio\/wp-json\/wp\/v2\/categories?post=43255"},{"taxonomy":"post_tag","embeddable":true,"href":"https:\/\/eldiariodesanpedro.com.ar\/sitio\/wp-json\/wp\/v2\/tags?post=43255"}],"curies":[{"name":"wp","href":"https:\/\/api.w.org\/{rel}","templated":true}]}}