{"id":43251,"date":"2018-11-09T09:22:31","date_gmt":"2018-11-09T12:22:31","guid":{"rendered":"https:\/\/eldiariodesanpedro.com.ar\/sitio\/?p=43251"},"modified":"2018-11-09T09:22:31","modified_gmt":"2018-11-09T12:22:31","slug":"un-hecho-de-hurto-amenazas-y-detencion-por-captura-activa-en-el-parte-policial","status":"publish","type":"post","link":"https:\/\/eldiariodesanpedro.com.ar\/sitio\/un-hecho-de-hurto-amenazas-y-detencion-por-captura-activa-en-el-parte-policial\/","title":{"rendered":"Un hecho de hurto, amenazas y detenci\u00f3n por captura activa en el parte policial"},"content":{"rendered":"<p><!-- VideographyWP Plugin Message: Automatic video embedding prevented by plugin options. --><br \/>\nDurante el d\u00eda jueves se realizaron denuncias por amenazas, hurto y la detenci\u00f3n de un joven por registrar pedido de captura activo y otra detenci\u00f3n de un hombre por pedido de paradero activo, seg\u00fan cuenta el parte policial.<\/p>\n<p>Por la ma\u00f1ana una ciudadana mayor se acerc\u00f3 a la Dependencia luego de haber sido agredida verbalmente y amenazada por dos sujetos, a los cuales conoce, que dice tener problemas de larga data con ellos por la disputa de una casa ubicada en calle Jose Hern\u00e1ndez, donde la denunciante hab\u00eda dejado un cuidador, y de la que se refiere ser propietaria.<\/p>\n<p>Tambi\u00e9n un ciudadano dio cuenta al llegar al Cementerio Municipal, la sustraccion de la hoja de un nicho que manifest\u00f3 que habr\u00eda sucedido en el momento que el lugar estaria cerrado.<\/p>\n<p>Luego en horas de la tarde personal policial sobre calle  Mitre al 2800, procede a la detenci\u00f3n de un joven de 23 m quien registra CAPTURA ACTIVA por el delito robo en San Pedro y sobre Av Sarmiento y San Mart\u00edn, se detuvo tambi\u00e9n a un hombre de 43, registrando paradero activo.  <\/p>\n<p>Ambos solicitados por el Juzgado Correccional N\u00b0 3 San Nicol\u00e1s <\/p>\n","protected":false},"excerpt":{"rendered":"<p>Durante el d\u00eda jueves se realizaron denuncias por amenazas, hurto y la detenci\u00f3n de un joven por registrar pedido de captura activo y otra detenci\u00f3n de un hombre por pedido de paradero activo, seg\u00fan cuenta el parte policial. Por la ma\u00f1ana una ciudadana mayor se acerc\u00f3 a la Dependencia luego de haber sido agredida verbalmente [&hellip;]<\/p>\n","protected":false},"author":4,"featured_media":39230,"comment_status":"open","ping_status":"closed","sticky":false,"template":"","format":"standard","meta":{"om_disable_all_campaigns":false,"_jetpack_memberships_contains_paid_content":false,"footnotes":""},"categories":[2,103],"tags":[],"class_list":["post-43251","post","type-post","status-publish","format-standard","has-post-thumbnail","hentry","category-locales","category-policiales-locales"],"aioseo_notices":[],"gutentor_comment":0,"jetpack_featured_media_url":"https:\/\/eldiariodesanpedro.com.ar\/sitio\/wp-content\/uploads\/2018\/08\/patrullero-policia_3.jpg","jetpack_shortlink":"https:\/\/wp.me\/p6RhLt-bfB","jetpack_sharing_enabled":true,"_links":{"self":[{"href":"https:\/\/eldiariodesanpedro.com.ar\/sitio\/wp-json\/wp\/v2\/posts\/43251","targetHints":{"allow":["GET"]}}],"collection":[{"href":"https:\/\/eldiariodesanpedro.com.ar\/sitio\/wp-json\/wp\/v2\/posts"}],"about":[{"href":"https:\/\/eldiariodesanpedro.com.ar\/sitio\/wp-json\/wp\/v2\/types\/post"}],"author":[{"embeddable":true,"href":"https:\/\/eldiariodesanpedro.com.ar\/sitio\/wp-json\/wp\/v2\/users\/4"}],"replies":[{"embeddable":true,"href":"https:\/\/eldiariodesanpedro.com.ar\/sitio\/wp-json\/wp\/v2\/comments?post=43251"}],"version-history":[{"count":1,"href":"https:\/\/eldiariodesanpedro.com.ar\/sitio\/wp-json\/wp\/v2\/posts\/43251\/revisions"}],"predecessor-version":[{"id":43252,"href":"https:\/\/eldiariodesanpedro.com.ar\/sitio\/wp-json\/wp\/v2\/posts\/43251\/revisions\/43252"}],"wp:featuredmedia":[{"embeddable":true,"href":"https:\/\/eldiariodesanpedro.com.ar\/sitio\/wp-json\/wp\/v2\/media\/39230"}],"wp:attachment":[{"href":"https:\/\/eldiariodesanpedro.com.ar\/sitio\/wp-json\/wp\/v2\/media?parent=43251"}],"wp:term":[{"taxonomy":"category","embeddable":true,"href":"https:\/\/eldiariodesanpedro.com.ar\/sitio\/wp-json\/wp\/v2\/categories?post=43251"},{"taxonomy":"post_tag","embeddable":true,"href":"https:\/\/eldiariodesanpedro.com.ar\/sitio\/wp-json\/wp\/v2\/tags?post=43251"}],"curies":[{"name":"wp","href":"https:\/\/api.w.org\/{rel}","templated":true}]}}