{"id":43246,"date":"2018-11-09T08:46:21","date_gmt":"2018-11-09T11:46:21","guid":{"rendered":"https:\/\/eldiariodesanpedro.com.ar\/sitio\/?p=43246"},"modified":"2018-11-09T08:46:21","modified_gmt":"2018-11-09T11:46:21","slug":"esta-semana-se-secuestraron-60-vehiculos-por-falta-de-documentacion","status":"publish","type":"post","link":"https:\/\/eldiariodesanpedro.com.ar\/sitio\/esta-semana-se-secuestraron-60-vehiculos-por-falta-de-documentacion\/","title":{"rendered":"Esta semana se secuestraron 60 vehiculos por falta de documentacion"},"content":{"rendered":"<p><!-- VideographyWP Plugin Message: Automatic video embedding prevented by plugin options. --><br \/>\nDesde el dia lunes 5 del corriente mes, los controles de tr\u00e1nsito aumentaron en nuestra ciudad y el resultado fue positivo, mas de 60 vehiculos fueron secuestrados por falta de documentacion.<\/p>\n<p>La Direcci\u00f3n de Tr\u00e1nsito de la Secretar\u00eda de Seguridad que conduce Eduardo Rolleri, llev\u00f3 a cabo los Operativos que se trabajaron en conjunto con personal de comisar\u00eda e inspecci\u00f3n municipal, como resultado se secuestraron 59 motocicletas y 3 autom\u00f3viles por falta de circulaci\u00f3n reglamentaria para circular y sin poseer pedido de secuestro quedando los mismos secuestrados a disposici\u00f3n del tribunal de altas municipal. <\/p>\n","protected":false},"excerpt":{"rendered":"<p>Desde el dia lunes 5 del corriente mes, los controles de tr\u00e1nsito aumentaron en nuestra ciudad y el resultado fue positivo, mas de 60 vehiculos fueron secuestrados por falta de documentacion. La Direcci\u00f3n de Tr\u00e1nsito de la Secretar\u00eda de Seguridad que conduce Eduardo Rolleri, llev\u00f3 a cabo los Operativos que se trabajaron en conjunto con [&hellip;]<\/p>\n","protected":false},"author":4,"featured_media":28505,"comment_status":"open","ping_status":"closed","sticky":false,"template":"","format":"standard","meta":{"om_disable_all_campaigns":false,"_jetpack_memberships_contains_paid_content":false,"footnotes":""},"categories":[50,101,2],"tags":[],"class_list":["post-43246","post","type-post","status-publish","format-standard","has-post-thumbnail","hentry","category-destacadas","category-interes-general-locales","category-locales"],"aioseo_notices":[],"gutentor_comment":0,"jetpack_featured_media_url":"https:\/\/eldiariodesanpedro.com.ar\/sitio\/wp-content\/uploads\/2018\/01\/control-transito.jpg","jetpack_shortlink":"https:\/\/wp.me\/p6RhLt-bfw","jetpack_sharing_enabled":true,"_links":{"self":[{"href":"https:\/\/eldiariodesanpedro.com.ar\/sitio\/wp-json\/wp\/v2\/posts\/43246","targetHints":{"allow":["GET"]}}],"collection":[{"href":"https:\/\/eldiariodesanpedro.com.ar\/sitio\/wp-json\/wp\/v2\/posts"}],"about":[{"href":"https:\/\/eldiariodesanpedro.com.ar\/sitio\/wp-json\/wp\/v2\/types\/post"}],"author":[{"embeddable":true,"href":"https:\/\/eldiariodesanpedro.com.ar\/sitio\/wp-json\/wp\/v2\/users\/4"}],"replies":[{"embeddable":true,"href":"https:\/\/eldiariodesanpedro.com.ar\/sitio\/wp-json\/wp\/v2\/comments?post=43246"}],"version-history":[{"count":1,"href":"https:\/\/eldiariodesanpedro.com.ar\/sitio\/wp-json\/wp\/v2\/posts\/43246\/revisions"}],"predecessor-version":[{"id":43247,"href":"https:\/\/eldiariodesanpedro.com.ar\/sitio\/wp-json\/wp\/v2\/posts\/43246\/revisions\/43247"}],"wp:featuredmedia":[{"embeddable":true,"href":"https:\/\/eldiariodesanpedro.com.ar\/sitio\/wp-json\/wp\/v2\/media\/28505"}],"wp:attachment":[{"href":"https:\/\/eldiariodesanpedro.com.ar\/sitio\/wp-json\/wp\/v2\/media?parent=43246"}],"wp:term":[{"taxonomy":"category","embeddable":true,"href":"https:\/\/eldiariodesanpedro.com.ar\/sitio\/wp-json\/wp\/v2\/categories?post=43246"},{"taxonomy":"post_tag","embeddable":true,"href":"https:\/\/eldiariodesanpedro.com.ar\/sitio\/wp-json\/wp\/v2\/tags?post=43246"}],"curies":[{"name":"wp","href":"https:\/\/api.w.org\/{rel}","templated":true}]}}