{"id":43241,"date":"2018-11-08T21:23:11","date_gmt":"2018-11-09T00:23:11","guid":{"rendered":"https:\/\/eldiariodesanpedro.com.ar\/sitio\/?p=43241"},"modified":"2018-11-08T21:23:11","modified_gmt":"2018-11-09T00:23:11","slug":"anses-informa-quienes-pueden-acceder-a-la-pension-universal-para-el-adulto-mayor","status":"publish","type":"post","link":"https:\/\/eldiariodesanpedro.com.ar\/sitio\/anses-informa-quienes-pueden-acceder-a-la-pension-universal-para-el-adulto-mayor\/","title":{"rendered":"ANSES INFORMA: Qui\u00e9nes pueden acceder a la Pensi\u00f3n Universal para el Adulto Mayor"},"content":{"rendered":"<p><!-- VideographyWP Plugin Message: Automatic video embedding prevented by plugin options. --><br \/>\nLas personas mayores de 65 a\u00f1os, sean hombres o mujeres, y que no cobren ning\u00fan otro beneficio podr\u00e1n acceder al monto de la Pensi\u00f3n Universal para el Adulto Mayor (PUAM) que otorga ANSES, que es el equivalente al 80% de la jubilaci\u00f3n m\u00ednima y se actualiza cuatro veces al a\u00f1o por la Ley de Movilidad.<\/p>\n<p>  Aquellos que la perciben obtienen tambi\u00e9n la cobertura y servicios de PAMI y acceden al cobro de las siguientes Asignaciones Familiares:  por Hijo, por Hijo con Discapacidad, C\u00f3nyuge y Ayuda Escolar Anual. Asimismo.<br \/>\n  Los titulares pueden seguir trabajando para alcanzar los a\u00f1os requeridos de aportes, que les permitan tramitar luego una jubilaci\u00f3n ordinaria.<\/p>\n<p>Grupos de pago para hoy<br \/>\nJubilados y pensionados cuyos haberes no superan los $9816 y sus documentos terminan en 0.<br \/>\nTitulares de la Asignaci\u00f3n Universal por Hijo y por Embarazo cuyos documentos terminan en 3.<\/p>\n","protected":false},"excerpt":{"rendered":"<p>Las personas mayores de 65 a\u00f1os, sean hombres o mujeres, y que no cobren ning\u00fan otro beneficio podr\u00e1n acceder al monto de la Pensi\u00f3n Universal para el Adulto Mayor (PUAM) que otorga ANSES, que es el equivalente al 80% de la jubilaci\u00f3n m\u00ednima y se actualiza cuatro veces al a\u00f1o por la Ley de Movilidad. [&hellip;]<\/p>\n","protected":false},"author":4,"featured_media":3392,"comment_status":"open","ping_status":"closed","sticky":false,"template":"","format":"standard","meta":{"om_disable_all_campaigns":false,"_jetpack_memberships_contains_paid_content":false,"footnotes":""},"categories":[101,2],"tags":[],"class_list":["post-43241","post","type-post","status-publish","format-standard","has-post-thumbnail","hentry","category-interes-general-locales","category-locales"],"aioseo_notices":[],"gutentor_comment":0,"jetpack_featured_media_url":"https:\/\/eldiariodesanpedro.com.ar\/sitio\/wp-content\/uploads\/2016\/04\/MAT7-ANSES2.jpg","jetpack_shortlink":"https:\/\/wp.me\/p6RhLt-bfr","jetpack_sharing_enabled":true,"_links":{"self":[{"href":"https:\/\/eldiariodesanpedro.com.ar\/sitio\/wp-json\/wp\/v2\/posts\/43241","targetHints":{"allow":["GET"]}}],"collection":[{"href":"https:\/\/eldiariodesanpedro.com.ar\/sitio\/wp-json\/wp\/v2\/posts"}],"about":[{"href":"https:\/\/eldiariodesanpedro.com.ar\/sitio\/wp-json\/wp\/v2\/types\/post"}],"author":[{"embeddable":true,"href":"https:\/\/eldiariodesanpedro.com.ar\/sitio\/wp-json\/wp\/v2\/users\/4"}],"replies":[{"embeddable":true,"href":"https:\/\/eldiariodesanpedro.com.ar\/sitio\/wp-json\/wp\/v2\/comments?post=43241"}],"version-history":[{"count":1,"href":"https:\/\/eldiariodesanpedro.com.ar\/sitio\/wp-json\/wp\/v2\/posts\/43241\/revisions"}],"predecessor-version":[{"id":43242,"href":"https:\/\/eldiariodesanpedro.com.ar\/sitio\/wp-json\/wp\/v2\/posts\/43241\/revisions\/43242"}],"wp:featuredmedia":[{"embeddable":true,"href":"https:\/\/eldiariodesanpedro.com.ar\/sitio\/wp-json\/wp\/v2\/media\/3392"}],"wp:attachment":[{"href":"https:\/\/eldiariodesanpedro.com.ar\/sitio\/wp-json\/wp\/v2\/media?parent=43241"}],"wp:term":[{"taxonomy":"category","embeddable":true,"href":"https:\/\/eldiariodesanpedro.com.ar\/sitio\/wp-json\/wp\/v2\/categories?post=43241"},{"taxonomy":"post_tag","embeddable":true,"href":"https:\/\/eldiariodesanpedro.com.ar\/sitio\/wp-json\/wp\/v2\/tags?post=43241"}],"curies":[{"name":"wp","href":"https:\/\/api.w.org\/{rel}","templated":true}]}}