{"id":43224,"date":"2018-11-08T21:11:15","date_gmt":"2018-11-09T00:11:15","guid":{"rendered":"https:\/\/eldiariodesanpedro.com.ar\/sitio\/?p=43224"},"modified":"2018-11-08T21:11:15","modified_gmt":"2018-11-09T00:11:15","slug":"frutos-de-la-tierra-y-el-rio-se-viene-la-ultima-feria-del-ano","status":"publish","type":"post","link":"https:\/\/eldiariodesanpedro.com.ar\/sitio\/frutos-de-la-tierra-y-el-rio-se-viene-la-ultima-feria-del-ano\/","title":{"rendered":"FRUTOS DE LA TIERRA Y EL R\u00cdO: \u00a1Se viene la \u00faltima feria del a\u00f1o!"},"content":{"rendered":"<p><!-- VideographyWP Plugin Message: Automatic video embedding prevented by plugin options. --><br \/>\nCon pescados plantines hort\u00edcolas para terminar la huerta y una amplia variedad de productos, cerrar\u00e1 un nuevo a\u00f1o de la Feria \u00abFrutos de la tierra y el r\u00edo\u00bb. Si el clima lo permite, ser\u00e1 este s\u00e1bado 10 de noviembre, de 10 a 18 hs.<\/p>\n<p>  El 2018 cierra para \u00abFrutos de la tierra y el r\u00edo\u00bb con dos grandes cambios y logros para su funcionamiento. Uno, la sanci\u00f3n de la ordenanza que regula y formaliza su existencia en la ciudad de San Pedro, el otro, la obtenci\u00f3n de la Personer\u00eda Jur\u00eddica como Asociaci\u00f3n Civil.<br \/>\n  Con la realizaci\u00f3n del \u00faltimo encuentro un s\u00e1bado de 10 a 18 hs frente a la Plaza Constituci\u00f3n de San Pedro, se completar\u00e1 el cronograma de 5 encuentros al a\u00f1o y la propuesta acercar\u00e1 nuevamente la producci\u00f3n al consumidor.<br \/>\n  Como en la edici\u00f3n anterior que ya sum\u00f3 dos feriantes nuevos que trajeron nueces pecan y pescado, en este se sumar\u00e1 un nuevo vivero que tendr\u00e1 plantas frutales. Y como en cada vez, estar\u00e1n todos los productos que caracterizan a la feria: hortalizas, huevos, plantines de distinto tipo con el foco puesto en la huerta, plantas ornamentales, dulces, miel, derivados de la miel, tejidos, entre tantas cosas.<\/p>\n","protected":false},"excerpt":{"rendered":"<p>Con pescados plantines hort\u00edcolas para terminar la huerta y una amplia variedad de productos, cerrar\u00e1 un nuevo a\u00f1o de la Feria \u00abFrutos de la tierra y el r\u00edo\u00bb. Si el clima lo permite, ser\u00e1 este s\u00e1bado 10 de noviembre, de 10 a 18 hs. El 2018 cierra para \u00abFrutos de la tierra y el r\u00edo\u00bb [&hellip;]<\/p>\n","protected":false},"author":4,"featured_media":43236,"comment_status":"open","ping_status":"closed","sticky":false,"template":"","format":"standard","meta":{"om_disable_all_campaigns":false,"_jetpack_memberships_contains_paid_content":false,"footnotes":""},"categories":[101,2],"tags":[],"class_list":["post-43224","post","type-post","status-publish","format-standard","has-post-thumbnail","hentry","category-interes-general-locales","category-locales"],"aioseo_notices":[],"gutentor_comment":0,"jetpack_featured_media_url":"https:\/\/eldiariodesanpedro.com.ar\/sitio\/wp-content\/uploads\/2018\/11\/frutos-de-la-tierra-y-el-rio-2018-titulo.jpg","jetpack_shortlink":"https:\/\/wp.me\/p6RhLt-bfa","jetpack_sharing_enabled":true,"_links":{"self":[{"href":"https:\/\/eldiariodesanpedro.com.ar\/sitio\/wp-json\/wp\/v2\/posts\/43224","targetHints":{"allow":["GET"]}}],"collection":[{"href":"https:\/\/eldiariodesanpedro.com.ar\/sitio\/wp-json\/wp\/v2\/posts"}],"about":[{"href":"https:\/\/eldiariodesanpedro.com.ar\/sitio\/wp-json\/wp\/v2\/types\/post"}],"author":[{"embeddable":true,"href":"https:\/\/eldiariodesanpedro.com.ar\/sitio\/wp-json\/wp\/v2\/users\/4"}],"replies":[{"embeddable":true,"href":"https:\/\/eldiariodesanpedro.com.ar\/sitio\/wp-json\/wp\/v2\/comments?post=43224"}],"version-history":[{"count":1,"href":"https:\/\/eldiariodesanpedro.com.ar\/sitio\/wp-json\/wp\/v2\/posts\/43224\/revisions"}],"predecessor-version":[{"id":43240,"href":"https:\/\/eldiariodesanpedro.com.ar\/sitio\/wp-json\/wp\/v2\/posts\/43224\/revisions\/43240"}],"wp:featuredmedia":[{"embeddable":true,"href":"https:\/\/eldiariodesanpedro.com.ar\/sitio\/wp-json\/wp\/v2\/media\/43236"}],"wp:attachment":[{"href":"https:\/\/eldiariodesanpedro.com.ar\/sitio\/wp-json\/wp\/v2\/media?parent=43224"}],"wp:term":[{"taxonomy":"category","embeddable":true,"href":"https:\/\/eldiariodesanpedro.com.ar\/sitio\/wp-json\/wp\/v2\/categories?post=43224"},{"taxonomy":"post_tag","embeddable":true,"href":"https:\/\/eldiariodesanpedro.com.ar\/sitio\/wp-json\/wp\/v2\/tags?post=43224"}],"curies":[{"name":"wp","href":"https:\/\/api.w.org\/{rel}","templated":true}]}}