{"id":43223,"date":"2018-11-08T21:09:51","date_gmt":"2018-11-09T00:09:51","guid":{"rendered":"https:\/\/eldiariodesanpedro.com.ar\/sitio\/?p=43223"},"modified":"2018-11-08T21:34:03","modified_gmt":"2018-11-09T00:34:03","slug":"recorrida-de-obras-firma-de-convenio-por-la-escuela-de-banfield-y-conferencia-de-prensa-del-ministro-federico-suarez","status":"publish","type":"post","link":"https:\/\/eldiariodesanpedro.com.ar\/sitio\/recorrida-de-obras-firma-de-convenio-por-la-escuela-de-banfield-y-conferencia-de-prensa-del-ministro-federico-suarez\/","title":{"rendered":"Recorrida de obras, firma de convenio por la Escuela de Banfield y conferencia de prensa del Ministro Federico Su\u00e1rez"},"content":{"rendered":"<p><!-- VideographyWP Plugin Message: Automatic video embedding prevented by plugin options. --><br \/>\nLa Municipalidad de San Pedro informa que ma\u00f1ana 9 de noviembre nos visitar\u00e1 el Ministro de Asuntos P\u00fablicos de la Provincia de Buenos Aires, Federico Su\u00e1rez.<\/p>\n<p>  La actividad, con colaboradores de su cartera y de funcionarios locales encabezados por el Intendente Cecilio Salazar, comenzar\u00e1 a las 11 hs en Gobernador Castro, donde recorrer\u00e1n la obra de pavimentaci\u00f3n recientemente iniciada y mantendr\u00e1 contactos con vecinos.<br \/>\n  Posteriormente en San Pedro, aproximadamente a las 12.15 hs. visitar\u00e1 la obra de urbanizaci\u00f3n en el Barrio \u201cEl Argentino\u201d que comprender\u00e1 desag\u00fces, agua, cord\u00f3n cuneta y luminarias entre otras en las calles Manuel Iglesias, Brenan, Las Provincias y Bozzano.<br \/>\n  A las 13 hs. en el Despacho del Intendente Municipal se sumar\u00e1n Diego Taurizano y Lucas Ferrari de la Subsecretar\u00eda Administrativa de la Direcci\u00f3n General de Cultura y Educaci\u00f3n para firmar del Acta de Inicio para retomar las obras en la Escuela del Barrio de Banfield y juntos a las 13.15 hs. aproximadamente ofrecer\u00e1n una conferencia de prensa.<br \/>\n  Luego de una reuni\u00f3n con funcionarios del gobierno local, los funcionarios de la Direcci\u00f3n General de Cultura y Educaci\u00f3n y representantes del Consejo Escolar entregar\u00e1n kits de rob\u00f3tica en escuelas.<\/p>\n","protected":false},"excerpt":{"rendered":"<p>La Municipalidad de San Pedro informa que ma\u00f1ana 9 de noviembre nos visitar\u00e1 el Ministro de Asuntos P\u00fablicos de la Provincia de Buenos Aires, Federico Su\u00e1rez. La actividad, con colaboradores de su cartera y de funcionarios locales encabezados por el Intendente Cecilio Salazar, comenzar\u00e1 a las 11 hs en Gobernador Castro, donde recorrer\u00e1n la obra [&hellip;]<\/p>\n","protected":false},"author":4,"featured_media":43235,"comment_status":"open","ping_status":"closed","sticky":false,"template":"","format":"standard","meta":{"om_disable_all_campaigns":false,"_jetpack_memberships_contains_paid_content":false,"footnotes":""},"categories":[2,102],"tags":[],"class_list":["post-43223","post","type-post","status-publish","format-standard","has-post-thumbnail","hentry","category-locales","category-politica-locales"],"aioseo_notices":[],"gutentor_comment":0,"jetpack_featured_media_url":"https:\/\/eldiariodesanpedro.com.ar\/sitio\/wp-content\/uploads\/2018\/11\/Ministro-Federico-Suarez.jpg","jetpack_shortlink":"https:\/\/wp.me\/p6RhLt-bf9","jetpack_sharing_enabled":true,"_links":{"self":[{"href":"https:\/\/eldiariodesanpedro.com.ar\/sitio\/wp-json\/wp\/v2\/posts\/43223","targetHints":{"allow":["GET"]}}],"collection":[{"href":"https:\/\/eldiariodesanpedro.com.ar\/sitio\/wp-json\/wp\/v2\/posts"}],"about":[{"href":"https:\/\/eldiariodesanpedro.com.ar\/sitio\/wp-json\/wp\/v2\/types\/post"}],"author":[{"embeddable":true,"href":"https:\/\/eldiariodesanpedro.com.ar\/sitio\/wp-json\/wp\/v2\/users\/4"}],"replies":[{"embeddable":true,"href":"https:\/\/eldiariodesanpedro.com.ar\/sitio\/wp-json\/wp\/v2\/comments?post=43223"}],"version-history":[{"count":3,"href":"https:\/\/eldiariodesanpedro.com.ar\/sitio\/wp-json\/wp\/v2\/posts\/43223\/revisions"}],"predecessor-version":[{"id":43244,"href":"https:\/\/eldiariodesanpedro.com.ar\/sitio\/wp-json\/wp\/v2\/posts\/43223\/revisions\/43244"}],"wp:featuredmedia":[{"embeddable":true,"href":"https:\/\/eldiariodesanpedro.com.ar\/sitio\/wp-json\/wp\/v2\/media\/43235"}],"wp:attachment":[{"href":"https:\/\/eldiariodesanpedro.com.ar\/sitio\/wp-json\/wp\/v2\/media?parent=43223"}],"wp:term":[{"taxonomy":"category","embeddable":true,"href":"https:\/\/eldiariodesanpedro.com.ar\/sitio\/wp-json\/wp\/v2\/categories?post=43223"},{"taxonomy":"post_tag","embeddable":true,"href":"https:\/\/eldiariodesanpedro.com.ar\/sitio\/wp-json\/wp\/v2\/tags?post=43223"}],"curies":[{"name":"wp","href":"https:\/\/api.w.org\/{rel}","templated":true}]}}