{"id":43218,"date":"2018-11-08T20:12:51","date_gmt":"2018-11-08T23:12:51","guid":{"rendered":"https:\/\/eldiariodesanpedro.com.ar\/sitio\/?p=43218"},"modified":"2018-11-08T20:12:51","modified_gmt":"2018-11-08T23:12:51","slug":"campana-menor-gravemente-herido-al-chocar-a-gran-velocidad-con-un-auto","status":"publish","type":"post","link":"https:\/\/eldiariodesanpedro.com.ar\/sitio\/campana-menor-gravemente-herido-al-chocar-a-gran-velocidad-con-un-auto\/","title":{"rendered":"CAMPANA: Menor gravemente herido al chocar a gran velocidad con un auto"},"content":{"rendered":"<p><!-- VideographyWP Plugin Message: Automatic video embedding prevented by plugin options. --><br \/>\nEl violento accidente ocurri\u00f3 el mi\u00e9rcoles al mediod\u00eda en la esquina de calles Bertolini y Saavedra. Miembros de la comunidad gitana, a la que pertenece el joven, protagonizaron un conflicto en el lugar al querer retirar el veh\u00edculo siniestrado.<\/p>\n<p>  12:40 hs. En la esquina de Bertolini y Saavedra los vecinos oyen un estruendo. Se asoman, y encuentran dos autos, ambos con da\u00f1os importantes. Y el conductor de uno de ellos, herido.<br \/>\n  Al parecer, y seg\u00fan datos relevados en el lugar, una Volkswagen Suran qu\u00e9 circulaba por Saavedra impact\u00f3 con un Renault Clio que hac\u00eda lo propio por Bertolini, seg\u00fan testigos, a gran velocidad. La magnitud del golpe qued\u00f3 evidenciada en la parte delantera de la VW, la cual fue pr\u00e1cticamente arrancada. Tanto su conductor, Natalio Traghetti, como su acompa\u00f1ante, no evidenciaron mayores da\u00f1os.<br \/>\n  Por su parte, el conductor del Clio fue identificado como Alexis, integrante de la comunidad gitana. Sufri\u00f3 lesiones m\u00faltiples y tuvo que ser hospitalizado de urgencia. El auto, tras el impacto, hizo un trompo y se detuvo reci\u00e9n a unos cincuenta metros del lugar del impacto, y luego de colisionar con un \u00e1rbol.<br \/>\n  El herido fue trasladado por un m\u00f3vil del Same al hospital local, donde permaneci\u00f3 en estado reservado. Tres unidades del Comando Patrulla (zonas 3, 4 y 5) debieron interceder ante un conflicto entre vecinos y allegados al menor conductor, quienes intentaron retirar el veh\u00edculo.<br \/>\n  Personal de tr\u00e1nsito municipal redujo la circulaci\u00f3n vehicular en la zona.<\/p>\n<p>Fuente: Campana Noticias<\/p>\n","protected":false},"excerpt":{"rendered":"<p>El violento accidente ocurri\u00f3 el mi\u00e9rcoles al mediod\u00eda en la esquina de calles Bertolini y Saavedra. Miembros de la comunidad gitana, a la que pertenece el joven, protagonizaron un conflicto en el lugar al querer retirar el veh\u00edculo siniestrado. 12:40 hs. En la esquina de Bertolini y Saavedra los vecinos oyen un estruendo. Se asoman, [&hellip;]<\/p>\n","protected":false},"author":4,"featured_media":43220,"comment_status":"open","ping_status":"closed","sticky":false,"template":"","format":"standard","meta":{"om_disable_all_campaigns":false,"_jetpack_memberships_contains_paid_content":false,"footnotes":""},"categories":[621],"tags":[],"class_list":["post-43218","post","type-post","status-publish","format-standard","has-post-thumbnail","hentry","category-regionales"],"aioseo_notices":[],"gutentor_comment":0,"jetpack_featured_media_url":"https:\/\/eldiariodesanpedro.com.ar\/sitio\/wp-content\/uploads\/2018\/11\/Menor-gravemente-herido-al-chocar-a-gran-velocidad-con-un-auto.jpg","jetpack_shortlink":"https:\/\/wp.me\/p6RhLt-bf4","jetpack_sharing_enabled":true,"_links":{"self":[{"href":"https:\/\/eldiariodesanpedro.com.ar\/sitio\/wp-json\/wp\/v2\/posts\/43218","targetHints":{"allow":["GET"]}}],"collection":[{"href":"https:\/\/eldiariodesanpedro.com.ar\/sitio\/wp-json\/wp\/v2\/posts"}],"about":[{"href":"https:\/\/eldiariodesanpedro.com.ar\/sitio\/wp-json\/wp\/v2\/types\/post"}],"author":[{"embeddable":true,"href":"https:\/\/eldiariodesanpedro.com.ar\/sitio\/wp-json\/wp\/v2\/users\/4"}],"replies":[{"embeddable":true,"href":"https:\/\/eldiariodesanpedro.com.ar\/sitio\/wp-json\/wp\/v2\/comments?post=43218"}],"version-history":[{"count":1,"href":"https:\/\/eldiariodesanpedro.com.ar\/sitio\/wp-json\/wp\/v2\/posts\/43218\/revisions"}],"predecessor-version":[{"id":43221,"href":"https:\/\/eldiariodesanpedro.com.ar\/sitio\/wp-json\/wp\/v2\/posts\/43218\/revisions\/43221"}],"wp:featuredmedia":[{"embeddable":true,"href":"https:\/\/eldiariodesanpedro.com.ar\/sitio\/wp-json\/wp\/v2\/media\/43220"}],"wp:attachment":[{"href":"https:\/\/eldiariodesanpedro.com.ar\/sitio\/wp-json\/wp\/v2\/media?parent=43218"}],"wp:term":[{"taxonomy":"category","embeddable":true,"href":"https:\/\/eldiariodesanpedro.com.ar\/sitio\/wp-json\/wp\/v2\/categories?post=43218"},{"taxonomy":"post_tag","embeddable":true,"href":"https:\/\/eldiariodesanpedro.com.ar\/sitio\/wp-json\/wp\/v2\/tags?post=43218"}],"curies":[{"name":"wp","href":"https:\/\/api.w.org\/{rel}","templated":true}]}}