{"id":43217,"date":"2018-11-08T20:12:53","date_gmt":"2018-11-08T23:12:53","guid":{"rendered":"https:\/\/eldiariodesanpedro.com.ar\/sitio\/?p=43217"},"modified":"2018-11-08T20:12:53","modified_gmt":"2018-11-08T23:12:53","slug":"zarate-desbarranco-camion-de-bomberos-de-zarate","status":"publish","type":"post","link":"https:\/\/eldiariodesanpedro.com.ar\/sitio\/zarate-desbarranco-camion-de-bomberos-de-zarate\/","title":{"rendered":"Z\u00c1RATE: Desbarranc\u00f3 cami\u00f3n de Bomberos de Z\u00e1rate"},"content":{"rendered":"<p><!-- VideographyWP Plugin Message: Automatic video embedding prevented by plugin options. --><br \/>\nUn bombero debi\u00f3 ser atendido con traumatismos que sufri\u00f3 producto del accidente.<\/p>\n<p>  El m\u00f3vil se encontraba en un incendio en la barranca de Dorrego y Pje. Chaco. Impact\u00f3 contra una vivienda de la zona, no hubo heridos.<br \/>\n  El m\u00f3vil 30-11 sufri\u00f3 un desperfecto mec\u00e1nico en los frenos y volc\u00f3 contra el frente de una casa. Uno de los voluntarios tuvo que ser atendido por recibir fuertes golpes en la cabeza.<\/p>\n<p>Fuente: Z\u00e1rate Alerta<\/p>\n","protected":false},"excerpt":{"rendered":"<p>Un bombero debi\u00f3 ser atendido con traumatismos que sufri\u00f3 producto del accidente. El m\u00f3vil se encontraba en un incendio en la barranca de Dorrego y Pje. Chaco. Impact\u00f3 contra una vivienda de la zona, no hubo heridos. El m\u00f3vil 30-11 sufri\u00f3 un desperfecto mec\u00e1nico en los frenos y volc\u00f3 contra el frente de una casa. [&hellip;]<\/p>\n","protected":false},"author":4,"featured_media":43219,"comment_status":"open","ping_status":"closed","sticky":false,"template":"","format":"standard","meta":{"om_disable_all_campaigns":false,"_jetpack_memberships_contains_paid_content":false,"footnotes":""},"categories":[621],"tags":[],"class_list":["post-43217","post","type-post","status-publish","format-standard","has-post-thumbnail","hentry","category-regionales"],"aioseo_notices":[],"gutentor_comment":0,"jetpack_featured_media_url":"https:\/\/eldiariodesanpedro.com.ar\/sitio\/wp-content\/uploads\/2018\/11\/Desbarranco-camion-de-Bomberos-de-Zarate.jpg","jetpack_shortlink":"https:\/\/wp.me\/p6RhLt-bf3","jetpack_sharing_enabled":true,"_links":{"self":[{"href":"https:\/\/eldiariodesanpedro.com.ar\/sitio\/wp-json\/wp\/v2\/posts\/43217","targetHints":{"allow":["GET"]}}],"collection":[{"href":"https:\/\/eldiariodesanpedro.com.ar\/sitio\/wp-json\/wp\/v2\/posts"}],"about":[{"href":"https:\/\/eldiariodesanpedro.com.ar\/sitio\/wp-json\/wp\/v2\/types\/post"}],"author":[{"embeddable":true,"href":"https:\/\/eldiariodesanpedro.com.ar\/sitio\/wp-json\/wp\/v2\/users\/4"}],"replies":[{"embeddable":true,"href":"https:\/\/eldiariodesanpedro.com.ar\/sitio\/wp-json\/wp\/v2\/comments?post=43217"}],"version-history":[{"count":1,"href":"https:\/\/eldiariodesanpedro.com.ar\/sitio\/wp-json\/wp\/v2\/posts\/43217\/revisions"}],"predecessor-version":[{"id":43222,"href":"https:\/\/eldiariodesanpedro.com.ar\/sitio\/wp-json\/wp\/v2\/posts\/43217\/revisions\/43222"}],"wp:featuredmedia":[{"embeddable":true,"href":"https:\/\/eldiariodesanpedro.com.ar\/sitio\/wp-json\/wp\/v2\/media\/43219"}],"wp:attachment":[{"href":"https:\/\/eldiariodesanpedro.com.ar\/sitio\/wp-json\/wp\/v2\/media?parent=43217"}],"wp:term":[{"taxonomy":"category","embeddable":true,"href":"https:\/\/eldiariodesanpedro.com.ar\/sitio\/wp-json\/wp\/v2\/categories?post=43217"},{"taxonomy":"post_tag","embeddable":true,"href":"https:\/\/eldiariodesanpedro.com.ar\/sitio\/wp-json\/wp\/v2\/tags?post=43217"}],"curies":[{"name":"wp","href":"https:\/\/api.w.org\/{rel}","templated":true}]}}