{"id":43216,"date":"2018-11-08T20:49:13","date_gmt":"2018-11-08T23:49:13","guid":{"rendered":"https:\/\/eldiariodesanpedro.com.ar\/sitio\/?p=43216"},"modified":"2018-11-08T20:50:45","modified_gmt":"2018-11-08T23:50:45","slug":"comisario-carlos-calderon-me-llevo-muy-buenos-recuerdos","status":"publish","type":"post","link":"https:\/\/eldiariodesanpedro.com.ar\/sitio\/comisario-carlos-calderon-me-llevo-muy-buenos-recuerdos\/","title":{"rendered":"Comisario Carlos Calderon: \u00abMe llevo muy buenos recuerdos\u00bb"},"content":{"rendered":"<p><!-- VideographyWP Plugin Message: Automatic video embedding prevented by plugin options. --><br \/>\nTras el acuerdo que hace unas semanas firmaron el Intendente Salazar y el Ministro de Seguridad Cristian Ritondo, el martes se hizo efectivo el traspaso del personal de la polic\u00eda local a la Jefatura Distrital de San Pedro. El Comisario Carlos Calder\u00f3n, quien coordinaba a los efectivos de la local se le asignar\u00e1 otra dependencia de la provincia.<\/p>\n<p>Como despedida este medio le realizo una entrevista quien nos cont\u00f3 como fue el traspaso, como est\u00e1n trabajando los efectivos y tambi\u00e9n acerca de su relaci\u00f3n como Jefe con su grupo:<\/p>\n<p> \u00abEste mi\u00e9rcoles se terminaron las actas respectivas donde se les entrego toda la parte documental de la Dependencia local y la totalidad de los efectivos, que ya est\u00e1n trabajando en la calle y La Teniente Laura Lencina seguir\u00e1 cumpliendo funciones en la Comisar\u00eda que ella cumpl\u00eda como segundo Jefe en la Local, ahora resta esperar que mi jefe directo Comisario Inspector Prado me designe un nuevo destino\u00bb<\/p>\n<p>\u00abEllos son todos efectivos de la Provincia de Bs As, la \u00fanica diferencia ahora es que van a recorrer distintos lugares, me dol\u00eda mucho cuando la sociedad les dec\u00eda pitufos, peleaba con la gente\u00bb y agrego \u00abyo los felicito &#8230; los chicos tienen muy buena base, la escuela donde ellos se capacitaron tuvo una muy buena instrucci\u00f3n, eso va de la mano de un jefe que los valla llevando y acompa\u00f1ando para que no cometan errores, y cuando el polic\u00eda trabaja puede ser que cometa errores, el oficial de San Pedro es muy eficiente, es totalmente distinto a el de conurbano\u00bb<\/p>\n<p>\u00abMe llevo buenos recuerdos, siempre los acompa\u00f1e, hoy les toca al Comisario Inspector  Gallo y al Subcomisario Galiano acompa\u00f1arlos, yo siempre trabaje lejos de mi hogar, mis hijos ya est\u00e1n acostumbrados , nacieron vi\u00e9ndome polic\u00eda y saben como soy, super compa\u00f1ero y responsable, ya me falta poco para jubilarme\u00bb<\/p>\n<p>A nuestra pregunta de que le faltar\u00eda a nuestra ciudad, respondi\u00f3: \u00abNo falta nada en San Pedro, tiene buenos efectivos, hay que trabajar d\u00eda a d\u00eda, todos los d\u00edas, armando el mapa delictual y todo eso, siempre trabaje mucho con Gallo, me consta\u00bb <\/p>\n<p>En su mirada se notaba la nostalgia que seguramente tambi\u00e9n tuvo cuando su trabajo en otra ciudad le toco despedirse de sus compa\u00f1eros al trabajar en otras ciudades, pero siempre con un cari\u00f1o distinto, que recuerdo se lleva: \u00abViv\u00eda diariamente con los oficiales, eramos una familia, la alegr\u00eda era de todos los d\u00edas, trabaj\u00e1bamos y nos divert\u00edamos, fui compartiendo en mis estados las cosas hermosas que me han escrito los chicos y eso se logra trabajando duro diariamente, los voy a extra\u00f1ar claro que si\u00bb<\/p>\n<p>Un recuerdo triste que quedo marcado para siempre, Nelson Lillo: \u00abPara ellos fue un golpe durisimo, fue muy triste ver caer a un compa\u00f1ero, en la fuerza tenemos trabajo con apoyo psicol\u00f3gico, pero la lectura es de ellos y de los jefes, cuando los vemos aconsejarlos, yo duda que tenia los citaba, seguramente te van a contar que era el jefe de las academias, duda que tenia los citaba, aveces resultaba pesado pero era para beneficio de ellos, siempre fue para ellos, aveces por trabajar se comet\u00eda cualquier error entonces era, vengan, academia y se charlaba siempre,<br \/>\nnadie esta preparado para perder a un compa\u00f1ero, yo tengo experiencia pero es duro\u00bb.<\/p>\n<p>Finalizo \u00abMe voy muy agradecido con la gente, con esta ciudad hermosa y con mis chicos que se que van hacer un muy buen trabajo como siempre\u00bb<\/p>\n<p><img decoding=\"async\" data-attachment-id=\"43231\" data-permalink=\"https:\/\/eldiariodesanpedro.com.ar\/sitio\/comisario-carlos-calderon-me-llevo-muy-buenos-recuerdos\/45748938_496513020869174_6487096274343428096_n\/\" data-orig-file=\"https:\/\/eldiariodesanpedro.com.ar\/sitio\/wp-content\/uploads\/2018\/11\/45748938_496513020869174_6487096274343428096_n.jpg\" data-orig-size=\"960,720\" data-comments-opened=\"1\" data-image-meta=\"{&quot;aperture&quot;:&quot;0&quot;,&quot;credit&quot;:&quot;&quot;,&quot;camera&quot;:&quot;&quot;,&quot;caption&quot;:&quot;&quot;,&quot;created_timestamp&quot;:&quot;0&quot;,&quot;copyright&quot;:&quot;&quot;,&quot;focal_length&quot;:&quot;0&quot;,&quot;iso&quot;:&quot;0&quot;,&quot;shutter_speed&quot;:&quot;0&quot;,&quot;title&quot;:&quot;&quot;,&quot;orientation&quot;:&quot;0&quot;}\" data-image-title=\"45748938_496513020869174_6487096274343428096_n\" data-image-description=\"\" data-image-caption=\"\" data-large-file=\"https:\/\/eldiariodesanpedro.com.ar\/sitio\/wp-content\/uploads\/2018\/11\/45748938_496513020869174_6487096274343428096_n.jpg\" data-src=\"https:\/\/eldiariodesanpedro.com.ar\/sitio\/wp-content\/uploads\/2018\/11\/45748938_496513020869174_6487096274343428096_n.jpg\" alt=\"\" width=\"960\" height=\"720\" class=\"alignnone size-full wp-image-43231 lazyload\" data-srcset=\"https:\/\/eldiariodesanpedro.com.ar\/sitio\/wp-content\/uploads\/2018\/11\/45748938_496513020869174_6487096274343428096_n.jpg 960w, https:\/\/eldiariodesanpedro.com.ar\/sitio\/wp-content\/uploads\/2018\/11\/45748938_496513020869174_6487096274343428096_n-300x225.jpg 300w, https:\/\/eldiariodesanpedro.com.ar\/sitio\/wp-content\/uploads\/2018\/11\/45748938_496513020869174_6487096274343428096_n-768x576.jpg 768w\" data-sizes=\"(max-width: 960px) 100vw, 960px\" src=\"data:image\/svg+xml;base64,PHN2ZyB3aWR0aD0iMSIgaGVpZ2h0PSIxIiB4bWxucz0iaHR0cDovL3d3dy53My5vcmcvMjAwMC9zdmciPjwvc3ZnPg==\" style=\"--smush-placeholder-width: 960px; --smush-placeholder-aspect-ratio: 960\/720;\" \/><\/p>\n<p><img decoding=\"async\" data-attachment-id=\"43230\" data-permalink=\"https:\/\/eldiariodesanpedro.com.ar\/sitio\/comisario-carlos-calderon-me-llevo-muy-buenos-recuerdos\/45579991_496512910869185_8387660890991755264_n\/\" data-orig-file=\"https:\/\/eldiariodesanpedro.com.ar\/sitio\/wp-content\/uploads\/2018\/11\/45579991_496512910869185_8387660890991755264_n.jpg\" data-orig-size=\"540,960\" data-comments-opened=\"1\" data-image-meta=\"{&quot;aperture&quot;:&quot;0&quot;,&quot;credit&quot;:&quot;&quot;,&quot;camera&quot;:&quot;&quot;,&quot;caption&quot;:&quot;&quot;,&quot;created_timestamp&quot;:&quot;0&quot;,&quot;copyright&quot;:&quot;&quot;,&quot;focal_length&quot;:&quot;0&quot;,&quot;iso&quot;:&quot;0&quot;,&quot;shutter_speed&quot;:&quot;0&quot;,&quot;title&quot;:&quot;&quot;,&quot;orientation&quot;:&quot;0&quot;}\" data-image-title=\"45579991_496512910869185_8387660890991755264_n\" data-image-description=\"\" data-image-caption=\"\" data-large-file=\"https:\/\/eldiariodesanpedro.com.ar\/sitio\/wp-content\/uploads\/2018\/11\/45579991_496512910869185_8387660890991755264_n.jpg\" data-src=\"https:\/\/eldiariodesanpedro.com.ar\/sitio\/wp-content\/uploads\/2018\/11\/45579991_496512910869185_8387660890991755264_n.jpg\" alt=\"\" width=\"540\" height=\"960\" class=\"alignnone size-full wp-image-43230 lazyload\" data-srcset=\"https:\/\/eldiariodesanpedro.com.ar\/sitio\/wp-content\/uploads\/2018\/11\/45579991_496512910869185_8387660890991755264_n.jpg 540w, https:\/\/eldiariodesanpedro.com.ar\/sitio\/wp-content\/uploads\/2018\/11\/45579991_496512910869185_8387660890991755264_n-169x300.jpg 169w\" data-sizes=\"(max-width: 540px) 100vw, 540px\" src=\"data:image\/svg+xml;base64,PHN2ZyB3aWR0aD0iMSIgaGVpZ2h0PSIxIiB4bWxucz0iaHR0cDovL3d3dy53My5vcmcvMjAwMC9zdmciPjwvc3ZnPg==\" style=\"--smush-placeholder-width: 540px; --smush-placeholder-aspect-ratio: 540\/960;\" \/><\/p>\n<p><img decoding=\"async\" data-attachment-id=\"43228\" data-permalink=\"https:\/\/eldiariodesanpedro.com.ar\/sitio\/comisario-carlos-calderon-me-llevo-muy-buenos-recuerdos\/44235413_486689848518158_5644866875658600448_n\/\" data-orig-file=\"https:\/\/eldiariodesanpedro.com.ar\/sitio\/wp-content\/uploads\/2018\/11\/44235413_486689848518158_5644866875658600448_n.jpg\" data-orig-size=\"640,960\" data-comments-opened=\"1\" data-image-meta=\"{&quot;aperture&quot;:&quot;0&quot;,&quot;credit&quot;:&quot;&quot;,&quot;camera&quot;:&quot;&quot;,&quot;caption&quot;:&quot;&quot;,&quot;created_timestamp&quot;:&quot;0&quot;,&quot;copyright&quot;:&quot;&quot;,&quot;focal_length&quot;:&quot;0&quot;,&quot;iso&quot;:&quot;0&quot;,&quot;shutter_speed&quot;:&quot;0&quot;,&quot;title&quot;:&quot;&quot;,&quot;orientation&quot;:&quot;0&quot;}\" data-image-title=\"44235413_486689848518158_5644866875658600448_n\" data-image-description=\"\" data-image-caption=\"\" data-large-file=\"https:\/\/eldiariodesanpedro.com.ar\/sitio\/wp-content\/uploads\/2018\/11\/44235413_486689848518158_5644866875658600448_n.jpg\" data-src=\"https:\/\/eldiariodesanpedro.com.ar\/sitio\/wp-content\/uploads\/2018\/11\/44235413_486689848518158_5644866875658600448_n.jpg\" alt=\"\" width=\"640\" height=\"960\" class=\"alignnone size-full wp-image-43228 lazyload\" data-srcset=\"https:\/\/eldiariodesanpedro.com.ar\/sitio\/wp-content\/uploads\/2018\/11\/44235413_486689848518158_5644866875658600448_n.jpg 640w, https:\/\/eldiariodesanpedro.com.ar\/sitio\/wp-content\/uploads\/2018\/11\/44235413_486689848518158_5644866875658600448_n-200x300.jpg 200w\" data-sizes=\"(max-width: 640px) 100vw, 640px\" src=\"data:image\/svg+xml;base64,PHN2ZyB3aWR0aD0iMSIgaGVpZ2h0PSIxIiB4bWxucz0iaHR0cDovL3d3dy53My5vcmcvMjAwMC9zdmciPjwvc3ZnPg==\" style=\"--smush-placeholder-width: 640px; --smush-placeholder-aspect-ratio: 640\/960;\" \/><\/p>\n<p><img decoding=\"async\" data-attachment-id=\"43226\" data-permalink=\"https:\/\/eldiariodesanpedro.com.ar\/sitio\/comisario-carlos-calderon-me-llevo-muy-buenos-recuerdos\/39835003_456155184904958_7428751112208908288_n\/\" data-orig-file=\"https:\/\/eldiariodesanpedro.com.ar\/sitio\/wp-content\/uploads\/2018\/11\/39835003_456155184904958_7428751112208908288_n.jpg\" data-orig-size=\"960,466\" data-comments-opened=\"1\" data-image-meta=\"{&quot;aperture&quot;:&quot;0&quot;,&quot;credit&quot;:&quot;&quot;,&quot;camera&quot;:&quot;&quot;,&quot;caption&quot;:&quot;&quot;,&quot;created_timestamp&quot;:&quot;0&quot;,&quot;copyright&quot;:&quot;&quot;,&quot;focal_length&quot;:&quot;0&quot;,&quot;iso&quot;:&quot;0&quot;,&quot;shutter_speed&quot;:&quot;0&quot;,&quot;title&quot;:&quot;&quot;,&quot;orientation&quot;:&quot;0&quot;}\" data-image-title=\"39835003_456155184904958_7428751112208908288_n\" data-image-description=\"\" data-image-caption=\"\" data-large-file=\"https:\/\/eldiariodesanpedro.com.ar\/sitio\/wp-content\/uploads\/2018\/11\/39835003_456155184904958_7428751112208908288_n.jpg\" data-src=\"https:\/\/eldiariodesanpedro.com.ar\/sitio\/wp-content\/uploads\/2018\/11\/39835003_456155184904958_7428751112208908288_n.jpg\" alt=\"\" width=\"960\" height=\"466\" class=\"alignnone size-full wp-image-43226 lazyload\" data-srcset=\"https:\/\/eldiariodesanpedro.com.ar\/sitio\/wp-content\/uploads\/2018\/11\/39835003_456155184904958_7428751112208908288_n.jpg 960w, https:\/\/eldiariodesanpedro.com.ar\/sitio\/wp-content\/uploads\/2018\/11\/39835003_456155184904958_7428751112208908288_n-300x146.jpg 300w, https:\/\/eldiariodesanpedro.com.ar\/sitio\/wp-content\/uploads\/2018\/11\/39835003_456155184904958_7428751112208908288_n-768x373.jpg 768w\" data-sizes=\"(max-width: 960px) 100vw, 960px\" src=\"data:image\/svg+xml;base64,PHN2ZyB3aWR0aD0iMSIgaGVpZ2h0PSIxIiB4bWxucz0iaHR0cDovL3d3dy53My5vcmcvMjAwMC9zdmciPjwvc3ZnPg==\" style=\"--smush-placeholder-width: 960px; --smush-placeholder-aspect-ratio: 960\/466;\" \/><\/p>\n<p><img decoding=\"async\" data-attachment-id=\"43229\" data-permalink=\"https:\/\/eldiariodesanpedro.com.ar\/sitio\/comisario-carlos-calderon-me-llevo-muy-buenos-recuerdos\/45488901_496514470869029_8778970877384458240_n\/\" data-orig-file=\"https:\/\/eldiariodesanpedro.com.ar\/sitio\/wp-content\/uploads\/2018\/11\/45488901_496514470869029_8778970877384458240_n.jpg\" data-orig-size=\"960,539\" data-comments-opened=\"1\" data-image-meta=\"{&quot;aperture&quot;:&quot;0&quot;,&quot;credit&quot;:&quot;&quot;,&quot;camera&quot;:&quot;&quot;,&quot;caption&quot;:&quot;&quot;,&quot;created_timestamp&quot;:&quot;0&quot;,&quot;copyright&quot;:&quot;&quot;,&quot;focal_length&quot;:&quot;0&quot;,&quot;iso&quot;:&quot;0&quot;,&quot;shutter_speed&quot;:&quot;0&quot;,&quot;title&quot;:&quot;&quot;,&quot;orientation&quot;:&quot;0&quot;}\" data-image-title=\"45488901_496514470869029_8778970877384458240_n\" data-image-description=\"\" data-image-caption=\"\" data-large-file=\"https:\/\/eldiariodesanpedro.com.ar\/sitio\/wp-content\/uploads\/2018\/11\/45488901_496514470869029_8778970877384458240_n.jpg\" data-src=\"https:\/\/eldiariodesanpedro.com.ar\/sitio\/wp-content\/uploads\/2018\/11\/45488901_496514470869029_8778970877384458240_n.jpg\" alt=\"\" width=\"960\" height=\"539\" class=\"alignnone size-full wp-image-43229 lazyload\" data-srcset=\"https:\/\/eldiariodesanpedro.com.ar\/sitio\/wp-content\/uploads\/2018\/11\/45488901_496514470869029_8778970877384458240_n.jpg 960w, https:\/\/eldiariodesanpedro.com.ar\/sitio\/wp-content\/uploads\/2018\/11\/45488901_496514470869029_8778970877384458240_n-300x168.jpg 300w, https:\/\/eldiariodesanpedro.com.ar\/sitio\/wp-content\/uploads\/2018\/11\/45488901_496514470869029_8778970877384458240_n-768x431.jpg 768w\" data-sizes=\"(max-width: 960px) 100vw, 960px\" src=\"data:image\/svg+xml;base64,PHN2ZyB3aWR0aD0iMSIgaGVpZ2h0PSIxIiB4bWxucz0iaHR0cDovL3d3dy53My5vcmcvMjAwMC9zdmciPjwvc3ZnPg==\" style=\"--smush-placeholder-width: 960px; --smush-placeholder-aspect-ratio: 960\/539;\" \/><\/p>\n<p><img decoding=\"async\" data-attachment-id=\"43227\" data-permalink=\"https:\/\/eldiariodesanpedro.com.ar\/sitio\/comisario-carlos-calderon-me-llevo-muy-buenos-recuerdos\/42470495_475557909631352_6756655160644075520_n\/\" data-orig-file=\"https:\/\/eldiariodesanpedro.com.ar\/sitio\/wp-content\/uploads\/2018\/11\/42470495_475557909631352_6756655160644075520_n.jpg\" data-orig-size=\"960,720\" data-comments-opened=\"1\" data-image-meta=\"{&quot;aperture&quot;:&quot;0&quot;,&quot;credit&quot;:&quot;&quot;,&quot;camera&quot;:&quot;&quot;,&quot;caption&quot;:&quot;&quot;,&quot;created_timestamp&quot;:&quot;0&quot;,&quot;copyright&quot;:&quot;&quot;,&quot;focal_length&quot;:&quot;0&quot;,&quot;iso&quot;:&quot;0&quot;,&quot;shutter_speed&quot;:&quot;0&quot;,&quot;title&quot;:&quot;&quot;,&quot;orientation&quot;:&quot;0&quot;}\" data-image-title=\"42470495_475557909631352_6756655160644075520_n\" data-image-description=\"\" data-image-caption=\"\" data-large-file=\"https:\/\/eldiariodesanpedro.com.ar\/sitio\/wp-content\/uploads\/2018\/11\/42470495_475557909631352_6756655160644075520_n.jpg\" data-src=\"https:\/\/eldiariodesanpedro.com.ar\/sitio\/wp-content\/uploads\/2018\/11\/42470495_475557909631352_6756655160644075520_n.jpg\" alt=\"\" width=\"960\" height=\"720\" class=\"alignnone size-full wp-image-43227 lazyload\" data-srcset=\"https:\/\/eldiariodesanpedro.com.ar\/sitio\/wp-content\/uploads\/2018\/11\/42470495_475557909631352_6756655160644075520_n.jpg 960w, https:\/\/eldiariodesanpedro.com.ar\/sitio\/wp-content\/uploads\/2018\/11\/42470495_475557909631352_6756655160644075520_n-300x225.jpg 300w, https:\/\/eldiariodesanpedro.com.ar\/sitio\/wp-content\/uploads\/2018\/11\/42470495_475557909631352_6756655160644075520_n-768x576.jpg 768w\" data-sizes=\"(max-width: 960px) 100vw, 960px\" src=\"data:image\/svg+xml;base64,PHN2ZyB3aWR0aD0iMSIgaGVpZ2h0PSIxIiB4bWxucz0iaHR0cDovL3d3dy53My5vcmcvMjAwMC9zdmciPjwvc3ZnPg==\" style=\"--smush-placeholder-width: 960px; --smush-placeholder-aspect-ratio: 960\/720;\" \/><\/p>\n<p><img decoding=\"async\" data-attachment-id=\"43232\" data-permalink=\"https:\/\/eldiariodesanpedro.com.ar\/sitio\/comisario-carlos-calderon-me-llevo-muy-buenos-recuerdos\/45762723_1557699954375682_8896927249316446208_n\/\" data-orig-file=\"https:\/\/eldiariodesanpedro.com.ar\/sitio\/wp-content\/uploads\/2018\/11\/45762723_1557699954375682_8896927249316446208_n.jpg\" data-orig-size=\"720,405\" data-comments-opened=\"1\" data-image-meta=\"{&quot;aperture&quot;:&quot;0&quot;,&quot;credit&quot;:&quot;&quot;,&quot;camera&quot;:&quot;&quot;,&quot;caption&quot;:&quot;&quot;,&quot;created_timestamp&quot;:&quot;0&quot;,&quot;copyright&quot;:&quot;&quot;,&quot;focal_length&quot;:&quot;0&quot;,&quot;iso&quot;:&quot;0&quot;,&quot;shutter_speed&quot;:&quot;0&quot;,&quot;title&quot;:&quot;&quot;,&quot;orientation&quot;:&quot;0&quot;}\" data-image-title=\"45762723_1557699954375682_8896927249316446208_n\" data-image-description=\"\" data-image-caption=\"\" data-large-file=\"https:\/\/eldiariodesanpedro.com.ar\/sitio\/wp-content\/uploads\/2018\/11\/45762723_1557699954375682_8896927249316446208_n.jpg\" data-src=\"https:\/\/eldiariodesanpedro.com.ar\/sitio\/wp-content\/uploads\/2018\/11\/45762723_1557699954375682_8896927249316446208_n.jpg\" alt=\"\" width=\"720\" height=\"405\" class=\"alignnone size-full wp-image-43232 lazyload\" data-srcset=\"https:\/\/eldiariodesanpedro.com.ar\/sitio\/wp-content\/uploads\/2018\/11\/45762723_1557699954375682_8896927249316446208_n.jpg 720w, https:\/\/eldiariodesanpedro.com.ar\/sitio\/wp-content\/uploads\/2018\/11\/45762723_1557699954375682_8896927249316446208_n-300x169.jpg 300w\" data-sizes=\"(max-width: 720px) 100vw, 720px\" src=\"data:image\/svg+xml;base64,PHN2ZyB3aWR0aD0iMSIgaGVpZ2h0PSIxIiB4bWxucz0iaHR0cDovL3d3dy53My5vcmcvMjAwMC9zdmciPjwvc3ZnPg==\" style=\"--smush-placeholder-width: 720px; --smush-placeholder-aspect-ratio: 720\/405;\" \/><\/p>\n","protected":false},"excerpt":{"rendered":"<p>Tras el acuerdo que hace unas semanas firmaron el Intendente Salazar y el Ministro de Seguridad Cristian Ritondo, el martes se hizo efectivo el traspaso del personal de la polic\u00eda local a la Jefatura Distrital de San Pedro. El Comisario Carlos Calder\u00f3n, quien coordinaba a los efectivos de la local se le asignar\u00e1 otra dependencia [&hellip;]<\/p>\n","protected":false},"author":4,"featured_media":43232,"comment_status":"open","ping_status":"closed","sticky":false,"template":"","format":"standard","meta":{"om_disable_all_campaigns":false,"_jetpack_memberships_contains_paid_content":false,"footnotes":""},"categories":[50,101,2],"tags":[],"class_list":["post-43216","post","type-post","status-publish","format-standard","has-post-thumbnail","hentry","category-destacadas","category-interes-general-locales","category-locales"],"aioseo_notices":[],"gutentor_comment":0,"jetpack_featured_media_url":"https:\/\/eldiariodesanpedro.com.ar\/sitio\/wp-content\/uploads\/2018\/11\/45762723_1557699954375682_8896927249316446208_n.jpg","jetpack_shortlink":"https:\/\/wp.me\/p6RhLt-bf2","jetpack_sharing_enabled":true,"_links":{"self":[{"href":"https:\/\/eldiariodesanpedro.com.ar\/sitio\/wp-json\/wp\/v2\/posts\/43216","targetHints":{"allow":["GET"]}}],"collection":[{"href":"https:\/\/eldiariodesanpedro.com.ar\/sitio\/wp-json\/wp\/v2\/posts"}],"about":[{"href":"https:\/\/eldiariodesanpedro.com.ar\/sitio\/wp-json\/wp\/v2\/types\/post"}],"author":[{"embeddable":true,"href":"https:\/\/eldiariodesanpedro.com.ar\/sitio\/wp-json\/wp\/v2\/users\/4"}],"replies":[{"embeddable":true,"href":"https:\/\/eldiariodesanpedro.com.ar\/sitio\/wp-json\/wp\/v2\/comments?post=43216"}],"version-history":[{"count":3,"href":"https:\/\/eldiariodesanpedro.com.ar\/sitio\/wp-json\/wp\/v2\/posts\/43216\/revisions"}],"predecessor-version":[{"id":43254,"href":"https:\/\/eldiariodesanpedro.com.ar\/sitio\/wp-json\/wp\/v2\/posts\/43216\/revisions\/43254"}],"wp:featuredmedia":[{"embeddable":true,"href":"https:\/\/eldiariodesanpedro.com.ar\/sitio\/wp-json\/wp\/v2\/media\/43232"}],"wp:attachment":[{"href":"https:\/\/eldiariodesanpedro.com.ar\/sitio\/wp-json\/wp\/v2\/media?parent=43216"}],"wp:term":[{"taxonomy":"category","embeddable":true,"href":"https:\/\/eldiariodesanpedro.com.ar\/sitio\/wp-json\/wp\/v2\/categories?post=43216"},{"taxonomy":"post_tag","embeddable":true,"href":"https:\/\/eldiariodesanpedro.com.ar\/sitio\/wp-json\/wp\/v2\/tags?post=43216"}],"curies":[{"name":"wp","href":"https:\/\/api.w.org\/{rel}","templated":true}]}}