{"id":43212,"date":"2018-11-08T20:02:04","date_gmt":"2018-11-08T23:02:04","guid":{"rendered":"https:\/\/eldiariodesanpedro.com.ar\/sitio\/?p=43212"},"modified":"2018-11-08T20:02:04","modified_gmt":"2018-11-08T23:02:04","slug":"docente-maltratadora-las-mamas-aseguraron-iniciar-la-denuncia-penal","status":"publish","type":"post","link":"https:\/\/eldiariodesanpedro.com.ar\/sitio\/docente-maltratadora-las-mamas-aseguraron-iniciar-la-denuncia-penal\/","title":{"rendered":"Docente maltratadora: Las mamas aseguraron iniciar la denuncia penal"},"content":{"rendered":"<p><!-- VideographyWP Plugin Message: Automatic video embedding prevented by plugin options. --><br \/>\nLuego de la denuncia realizada p\u00fablicamente entre padres y madres de la escuela N|6, acusando a una maestra de pl\u00e1stica por maltratar f\u00edsico y patol\u00f3gicamente a sus hijos, alumnos de 4to, 5to y 6to grado, mantuvieron una nueva reuni\u00f3n con las autoridades de la escuela. Decidieron ademas realizar la denuncia penal para que la justicia  investiguen los casos ya que consideran que hay delito.<\/p>\n<p>La docente maltratadora deber\u00e1 enfrentar, adem\u00e1s de la investigaci\u00f3n administrativa que lleva adelante el sistema educativo, una denuncia penal en la Justicia.<\/p>\n<p>As\u00ed lo decidieron un grupo de papas y mamas luego de la reuni\u00f3n de este jueves con las autoridades en el establecimiento educativo acompa\u00f1ada por la Jefa Distrital, Mercedes Vell\u00f3n quien realizo su descargo con los medios presentes:<\/p>\n<p>\u00abLa intervenci\u00f3n por nuestra parte fue hace d\u00edas atr\u00e1s, fue el d\u00eda jueves 1, luego el d\u00eda viernes los chicos cambiaron su actividad y por ende el fin de semana no se trabajo, el lunes los papas ya ten\u00edan el conocimiento que la docente no iba a ingresar al establecimiento y que se hab\u00eda iniciado una investigaci\u00f3n administrativa\u00bb; \u00abnosotros debemos preservar la integridad de los alumnos y la docente tambi\u00e9n, nosotros recabamos en territorio la informaci\u00f3n necesaria para que sea elevada a superiores\u00bb.<\/p>\n<p>\u00abYa se hizo la separaci\u00f3n del cargo preventiva, pero seguramente los tiempos que se manejan en la tarea de investigar no son los mismo que est\u00e1n requiriendo los papas, soy mama y entiendo la situaci\u00f3n, pero desde el primer momento les garantizamos que no iba a estar en contactos con los chicos \u00bb<\/p>\n<p>Finalmente agrego: \u00abGracias a una mama que pudo hacer llegar la voz de su hijo fue como nos enteramos y se empez\u00f3 con la investigaci\u00f3n, nosotros nos hicimos cargo desde el primer momento\u00bb.<\/p>\n<p> Recordemos el relato de las mamas de las situaciones que los chicos vivieron con la maestra da cuentas de hechos muy graves: dibujos rotos, empujones, chicos atados con hilo y hasta una versi\u00f3n de una situaci\u00f3n de acoso con un nene de 6to que lo invitaba a chatear en facebook.<\/p>\n<p> \u00abA una nena se las at\u00f3 de las manos, a otra le tap\u00f3 la boca con una cinta, a mi hija la apret\u00f3 con la mesa en dos oportunidades, les com\u00eda las golosinas a los chicos\u00bb<\/p>\n","protected":false},"excerpt":{"rendered":"<p>Luego de la denuncia realizada p\u00fablicamente entre padres y madres de la escuela N|6, acusando a una maestra de pl\u00e1stica por maltratar f\u00edsico y patol\u00f3gicamente a sus hijos, alumnos de 4to, 5to y 6to grado, mantuvieron una nueva reuni\u00f3n con las autoridades de la escuela. Decidieron ademas realizar la denuncia penal para que la justicia [&hellip;]<\/p>\n","protected":false},"author":4,"featured_media":43214,"comment_status":"open","ping_status":"closed","sticky":false,"template":"","format":"standard","meta":{"om_disable_all_campaigns":false,"_jetpack_memberships_contains_paid_content":false,"footnotes":""},"categories":[50,101,2],"tags":[],"class_list":["post-43212","post","type-post","status-publish","format-standard","has-post-thumbnail","hentry","category-destacadas","category-interes-general-locales","category-locales"],"aioseo_notices":[],"gutentor_comment":0,"jetpack_featured_media_url":"https:\/\/eldiariodesanpedro.com.ar\/sitio\/wp-content\/uploads\/2018\/11\/timthumbmod.jpg","jetpack_shortlink":"https:\/\/wp.me\/p6RhLt-beY","jetpack_sharing_enabled":true,"_links":{"self":[{"href":"https:\/\/eldiariodesanpedro.com.ar\/sitio\/wp-json\/wp\/v2\/posts\/43212","targetHints":{"allow":["GET"]}}],"collection":[{"href":"https:\/\/eldiariodesanpedro.com.ar\/sitio\/wp-json\/wp\/v2\/posts"}],"about":[{"href":"https:\/\/eldiariodesanpedro.com.ar\/sitio\/wp-json\/wp\/v2\/types\/post"}],"author":[{"embeddable":true,"href":"https:\/\/eldiariodesanpedro.com.ar\/sitio\/wp-json\/wp\/v2\/users\/4"}],"replies":[{"embeddable":true,"href":"https:\/\/eldiariodesanpedro.com.ar\/sitio\/wp-json\/wp\/v2\/comments?post=43212"}],"version-history":[{"count":1,"href":"https:\/\/eldiariodesanpedro.com.ar\/sitio\/wp-json\/wp\/v2\/posts\/43212\/revisions"}],"predecessor-version":[{"id":43215,"href":"https:\/\/eldiariodesanpedro.com.ar\/sitio\/wp-json\/wp\/v2\/posts\/43212\/revisions\/43215"}],"wp:featuredmedia":[{"embeddable":true,"href":"https:\/\/eldiariodesanpedro.com.ar\/sitio\/wp-json\/wp\/v2\/media\/43214"}],"wp:attachment":[{"href":"https:\/\/eldiariodesanpedro.com.ar\/sitio\/wp-json\/wp\/v2\/media?parent=43212"}],"wp:term":[{"taxonomy":"category","embeddable":true,"href":"https:\/\/eldiariodesanpedro.com.ar\/sitio\/wp-json\/wp\/v2\/categories?post=43212"},{"taxonomy":"post_tag","embeddable":true,"href":"https:\/\/eldiariodesanpedro.com.ar\/sitio\/wp-json\/wp\/v2\/tags?post=43212"}],"curies":[{"name":"wp","href":"https:\/\/api.w.org\/{rel}","templated":true}]}}