{"id":43207,"date":"2018-11-08T11:07:24","date_gmt":"2018-11-08T14:07:24","guid":{"rendered":"https:\/\/eldiariodesanpedro.com.ar\/sitio\/?p=43207"},"modified":"2018-11-08T11:07:24","modified_gmt":"2018-11-08T14:07:24","slug":"fallecio-lorenzo-luis-garcia","status":"publish","type":"post","link":"https:\/\/eldiariodesanpedro.com.ar\/sitio\/fallecio-lorenzo-luis-garcia\/","title":{"rendered":"Falleci\u00f3 Lorenzo Luis Garc\u00eda"},"content":{"rendered":"<p><!-- VideographyWP Plugin Message: Automatic video embedding prevented by plugin options. --><br \/>\nDej\u00f3 de existir este mi\u00e9rcoles en horas de la tarde el ex boxeador Lorenzo Luis Garc\u00eda a los 62 a\u00f1os de edad luego de una larga dolencia que no pudo superar. Sus restos fueron velados en Coopser.<br \/>\nLorenzo fue, es y ser\u00e1 uno de los 10 m\u00e1s grandes deportistas que tuvo San Pedro, su figura moviliz\u00f3 a miles de sampedrinos durante muchos a\u00f1os y a\u00fan hoy se lo recuerda con un cari\u00f1o inmenso. Bonach\u00f3n, bondadoso, fue un gran boxeador que supo tener su momento de gloria enfrentando a excelentes p\u00fagiles de todo el mundo. Q.E.P.D. <\/p>\n<p>\u00bfLo recordamos? F\u00fatbol y boxeo Lorenzo L. Garc\u00eda tuvo dos pasiones, el boxeo, el cual le dio grandes satisfacciones y el f\u00fatbol, con la camiseta de Def. Unidos. Durante varios a\u00f1os llev\u00f3 adelante las dos de manera paralela.<\/p>\n<p>Sus comienzo en el a\u00f1o 1974 en el boxeo fue casi de casualidad, con un amigo llegaron al gimnasio y al poco tiempo debut\u00f3 en San Nicol\u00e1s, en el \u201ccuartel\u201d lleno de \u201cbotas\u201d recordar\u00eda a\u00f1os despu\u00e9s, perdi\u00f3, pero comenz\u00f3 una carrera de m\u00e1s de doscientas peleas entre aficionado y profesional. Su pasi\u00f3n siempre fue el f\u00fatbol, inclusive m\u00e1s que el boxeo y jugaba bien, pero su futuro estaba en el deporte de los pu\u00f1os, por eso altern\u00f3 con las dos actividades, m\u00e1s de una vez y luego de una pelea importante al otro d\u00eda estaba jugando en el CADU, pero ante una pelea inmediata se cuidaba, no era cosa que se lesionara\u2026 <\/p>\n<p>Cuando el boxeo pod\u00eda llegar a ser su medio de vida, con grandes condiciones de un futuro estilista, se hizo profesional, en 1977 ante Calixto Rueda en San Pedro, a quien supera por puntos. en la quinta presentaci\u00f3n su nombre rondaba Corrientes y Bouchard (Luna Park), por eso lo llevan a un pelea complementaria profesional con qui\u00e9n por mucho tiempo fue el \u00fanico que le gan\u00f3, Pedro Armando Guti\u00e9rrez, de quien luego se toma desquite en dos oportunidades, en San Pedro y en Baradero. <\/p>\n<p>Luego llegar\u00eda el t\u00edtulo categor\u00eda liviano que le gana a Romero y defiende en cuatro ocasiones, con Juan Manuel Zu\u00f1iga en Tres Arroyos (chileno naturalizado argentino), a Julio Jorge Melone en San Pedro, al propio Romero en Villa Angela, Chaco y ante Joaqu\u00edn Moreyra en Formosa, entre esas peleas le gana a Romero el T\u00edtulo Sudamericano en San Pedro de Jujuy.<\/p>\n<p>En su carrera aparece Uby Sacco, fue lo que le faltaba para lograr el reconocimiento en Capital Federal, conocido en el interior, pero en Buenos Aires no lo era, era apenas una escalera en la carrera de Sacco, pero este sampedrino le gana, y como sie fuera al poco tiempo con revancha lo tira, y esas dos peleas ante un boxeador de categor\u00eda mayor, lo deja bien ubicado en el ranking mundial (cuando s\u00f3lo dos Asociaciones exist\u00edan) y<br \/>\naparece en su camino Bumphus. <\/p>\n<p>Pero claro est\u00e1 que su ascendente carrera como boxeador no termina all\u00ed, porque se dio el gusto de superar a grandes boxeadores del momento como Arroyo, Jorge Castro o al excampe\u00f3n mundial \u201cPipino\u201d Cuevas.<\/p>\n<p>Lorenzo en n\u00fameros<br \/>\nLorenzo Luis Garc\u00eda debut\u00f3 como amateur en 1972. Realiz\u00f3 75 peleas con s\u00f3lo 5 derrotas. Fue campe\u00f3n Zonal, Rioplatense, Argentino y Representante Argentino en el Panamericano de Venezuela (al cual concurrieron, entre otros, Uby Sacco y Juan \u201cMartillo\u201d Rold\u00e1n).<\/p>\n<p>Debut\u00f3 como Profesional el 6 de Octubre de 1977 en San Pedro, ante Jos\u00e9 Calixto Rueda. Ese mismo a\u00f1o realiza su primer pelea en el Luna Park, el 6 de noviembre frente a Antonio Luna. 5 meses m\u00e1s tarde sufre su primera ca\u00edda \u2013 y \u00fanica durante m\u00e1s de cinco a\u00f1os) por KO ante Pedro Armando Gutierrez, en el Palacio de los Deportes. <\/p>\n<p>Se recupera un mes m\u00e1s tarde venciendo a Luis D\u00edaz y a partir de ese momento comienza forjar una trayectoria compuesta por uno de los r\u00e9cords m\u00e1s importantes que haya tenido un boxeador en Argentina: 55 peleas con 48 victorias y 7 empates, 5 a\u00f1os, 5 meses y 2 d\u00edas sin conocer la derrota.<\/p>\n<p>Boxe\u00f3 en San Pedro en 43 oportunidades; 78 veces en el interior del pa\u00ed\u00ads y 6 en el  exterior F. Winchester, EEUU; Braian Baronet -le quita el invicto-, Sud\u00e1frica; Bumphus, EEUU; \u201cGato\u201d Gonz\u00e1lez, M\u00e9xico; Rene Jacket y Gilbert Del\u00e9, Francia).<\/p>\n<p>Combati\u00f3 contra 7 campeones mundiales: Ubaldo Sacco, Pipino Cuevas, Rene Jacket, Gilbert Del\u00e9, \u201cRo\u00f1a\u201d Castro, Rodolfo \u201cGato\u201d Gonz\u00e1lez y Johnny Bumphus.<\/p>\n<p>En 1993 anuncia su retiro del ring, luego de realizar nada menos que 202 peleas con 146 victorias, 25 empates y tan s\u00f3lo 31 derrotas.<\/p>\n<p>La pelea por el t\u00edtulo del mundo:<\/p>\n<p>C\u00d3MO SE VIVI\u00d3 EN SAN PEDRO<br \/>\nEn pocas palabras, se paraliz\u00f3 la ciudad, era domingo por la tarde, la televisi\u00f3n llegaba por aire, solo unos pocos conoc\u00edan el cable a trav\u00e9s de telesistema, una empresa de canal 13 que eran unos adelantados para emitir la se\u00f1al por cable, solo la zona c\u00e9ntrica contaba esa posibilidad, era por ello que se busc\u00f3 ir a los bares del centro para poder verla sin sobresaltos, o que alguna interferencia de un veh\u00edculo gasolero hac\u00eda sobre la<br \/>\nantena, ni hablar cuando lo aceleraban!!, otro lugar elegido fue la Liga Deportiva Sampedrina, este escriba abri\u00f3 sus puertas para que muchos reventaran el sitio con su presencia, gracias a la gentileza de la gente de la Liga, en las playas, desde \u201cLa Rueda\u201d hasta el Balneario la radio era un parlante, no hab\u00eda un alma que no estuviera pendiente de la misma, 35\u00ba grados la temperatura, todos estallamos en un grito cuando tiro a<br \/>\nBumphus, todos nos fundimos en un largo abrazo al terminar el round, pero en el final a m\u00e1s de unos se nos escap\u00f3 una l\u00e1grima, y en una decisi\u00f3n un\u00e1nime, lo despedimos a la distancia con el cl\u00e1sico grito y un fuerte aplauso, hab\u00eda perdido, pero hab\u00eda cumplido, el honor estaba a salvo, la ciudad que estaba con sus calles vac\u00edas, de golpe se encontr\u00f3 con miles de personas que la transitaban , con la radio pegada a la oreja tratando de<br \/>\nescuchar alg\u00fan comentario final y los rostros con un dejo de tristeza. <\/p>\n<p>Lorenzo fue un verdadero grande, tan grande que cuando lleg\u00f3 a nuestra ciudad, esta lo recibi\u00f3 con todos los honores, miles de personas en una caravana de 30 cuadras y con todo el mundo en las veredas saludaron el paso de la auto-bomba que lo traslad\u00f3 por toda la ciudad.<\/p>\n<p>Una pintura de Lorenzo vista por un medio naconal;Tipo raro Lorenzo Garc\u00eda, s\u00ed se\u00f1or. Huidizo, p\u00edcaro, indescifrable. Para la grande-<br \/>\ngrande le faltaron cinco para el mango, pero fue implacable con los de abajo y con los del pelot\u00f3n del medio. Insoportable, maldito para los de primer nivel. \u201cS\u00e9 que estuve al nivel de los mejores\u201d, se le escuch\u00f3 decir, a la hora del balance, al zorro Lorenzo, un boxeador de t\u00f3melo o d\u00e9jelo, un Barros Schelotto del boxeo, un embroll\u00f3n inolvidable<\/p>\n<p>Diario Ol\u00e9, a\u00f1o 2001.<\/p>\n<p><img decoding=\"async\" data-attachment-id=\"43210\" data-permalink=\"https:\/\/eldiariodesanpedro.com.ar\/sitio\/fallecio-lorenzo-luis-garcia\/lorenzo010\/\" data-orig-file=\"https:\/\/eldiariodesanpedro.com.ar\/sitio\/wp-content\/uploads\/2018\/11\/lorenzo010.jpg\" data-orig-size=\"342,477\" data-comments-opened=\"1\" data-image-meta=\"{&quot;aperture&quot;:&quot;0&quot;,&quot;credit&quot;:&quot;&quot;,&quot;camera&quot;:&quot;&quot;,&quot;caption&quot;:&quot;&quot;,&quot;created_timestamp&quot;:&quot;0&quot;,&quot;copyright&quot;:&quot;&quot;,&quot;focal_length&quot;:&quot;0&quot;,&quot;iso&quot;:&quot;0&quot;,&quot;shutter_speed&quot;:&quot;0&quot;,&quot;title&quot;:&quot;&quot;,&quot;orientation&quot;:&quot;1&quot;}\" data-image-title=\"lorenzo010\" data-image-description=\"\" data-image-caption=\"\" data-large-file=\"https:\/\/eldiariodesanpedro.com.ar\/sitio\/wp-content\/uploads\/2018\/11\/lorenzo010.jpg\" data-src=\"https:\/\/eldiariodesanpedro.com.ar\/sitio\/wp-content\/uploads\/2018\/11\/lorenzo010.jpg\" alt=\"\" width=\"342\" height=\"477\" class=\"alignnone size-full wp-image-43210 lazyload\" data-srcset=\"https:\/\/eldiariodesanpedro.com.ar\/sitio\/wp-content\/uploads\/2018\/11\/lorenzo010.jpg 342w, https:\/\/eldiariodesanpedro.com.ar\/sitio\/wp-content\/uploads\/2018\/11\/lorenzo010-215x300.jpg 215w\" data-sizes=\"(max-width: 342px) 100vw, 342px\" src=\"data:image\/svg+xml;base64,PHN2ZyB3aWR0aD0iMSIgaGVpZ2h0PSIxIiB4bWxucz0iaHR0cDovL3d3dy53My5vcmcvMjAwMC9zdmciPjwvc3ZnPg==\" style=\"--smush-placeholder-width: 342px; --smush-placeholder-aspect-ratio: 342\/477;\" \/><\/p>\n<p><img decoding=\"async\" data-attachment-id=\"43208\" data-permalink=\"https:\/\/eldiariodesanpedro.com.ar\/sitio\/fallecio-lorenzo-luis-garcia\/lorenzo-garcia003\/\" data-orig-file=\"https:\/\/eldiariodesanpedro.com.ar\/sitio\/wp-content\/uploads\/2018\/11\/Lorenzo-Garcia003.jpg\" data-orig-size=\"2993,1988\" data-comments-opened=\"1\" data-image-meta=\"{&quot;aperture&quot;:&quot;0&quot;,&quot;credit&quot;:&quot;&quot;,&quot;camera&quot;:&quot;&quot;,&quot;caption&quot;:&quot;&quot;,&quot;created_timestamp&quot;:&quot;0&quot;,&quot;copyright&quot;:&quot;&quot;,&quot;focal_length&quot;:&quot;0&quot;,&quot;iso&quot;:&quot;0&quot;,&quot;shutter_speed&quot;:&quot;0&quot;,&quot;title&quot;:&quot;&quot;,&quot;orientation&quot;:&quot;1&quot;}\" data-image-title=\"Lorenzo Garcia003\" data-image-description=\"\" data-image-caption=\"\" data-large-file=\"https:\/\/eldiariodesanpedro.com.ar\/sitio\/wp-content\/uploads\/2018\/11\/Lorenzo-Garcia003-1024x680.jpg\" data-src=\"https:\/\/eldiariodesanpedro.com.ar\/sitio\/wp-content\/uploads\/2018\/11\/Lorenzo-Garcia003-1024x680.jpg\" alt=\"\" width=\"660\" height=\"438\" class=\"alignnone size-large wp-image-43208 lazyload\" data-srcset=\"https:\/\/eldiariodesanpedro.com.ar\/sitio\/wp-content\/uploads\/2018\/11\/Lorenzo-Garcia003-1024x680.jpg 1024w, https:\/\/eldiariodesanpedro.com.ar\/sitio\/wp-content\/uploads\/2018\/11\/Lorenzo-Garcia003-300x199.jpg 300w, https:\/\/eldiariodesanpedro.com.ar\/sitio\/wp-content\/uploads\/2018\/11\/Lorenzo-Garcia003-768x510.jpg 768w\" data-sizes=\"(max-width: 660px) 100vw, 660px\" src=\"data:image\/svg+xml;base64,PHN2ZyB3aWR0aD0iMSIgaGVpZ2h0PSIxIiB4bWxucz0iaHR0cDovL3d3dy53My5vcmcvMjAwMC9zdmciPjwvc3ZnPg==\" style=\"--smush-placeholder-width: 660px; --smush-placeholder-aspect-ratio: 660\/438;\" \/><\/p>\n<p><iframe data-src=\"https:\/\/www.facebook.com\/plugins\/video.php?href=https%3A%2F%2Fwww.facebook.com%2Feldiario.desanpedro%2Fvideos%2F510805596096661%2F&#038;show_text=0&#038;width=560\" width=\"560\" height=\"315\" style=\"border:none;overflow:hidden\" scrolling=\"no\" frameborder=\"0\" allowTransparency=\"true\" allowFullScreen=\"true\" src=\"data:image\/svg+xml;base64,PHN2ZyB3aWR0aD0iMSIgaGVpZ2h0PSIxIiB4bWxucz0iaHR0cDovL3d3dy53My5vcmcvMjAwMC9zdmciPjwvc3ZnPg==\" class=\"lazyload\" data-load-mode=\"1\"><\/iframe><\/p>\n","protected":false},"excerpt":{"rendered":"<p>Dej\u00f3 de existir este mi\u00e9rcoles en horas de la tarde el ex boxeador Lorenzo Luis Garc\u00eda a los 62 a\u00f1os de edad luego de una larga dolencia que no pudo superar. Sus restos fueron velados en Coopser. Lorenzo fue, es y ser\u00e1 uno de los 10 m\u00e1s grandes deportistas que tuvo San Pedro, su figura [&hellip;]<\/p>\n","protected":false},"author":4,"featured_media":43209,"comment_status":"open","ping_status":"closed","sticky":false,"template":"","format":"standard","meta":{"om_disable_all_campaigns":false,"_jetpack_memberships_contains_paid_content":false,"footnotes":""},"categories":[50,101,2],"tags":[],"class_list":["post-43207","post","type-post","status-publish","format-standard","has-post-thumbnail","hentry","category-destacadas","category-interes-general-locales","category-locales"],"aioseo_notices":[],"gutentor_comment":0,"jetpack_featured_media_url":"https:\/\/eldiariodesanpedro.com.ar\/sitio\/wp-content\/uploads\/2018\/11\/lorenzo002.jpg","jetpack_shortlink":"https:\/\/wp.me\/p6RhLt-beT","jetpack_sharing_enabled":true,"_links":{"self":[{"href":"https:\/\/eldiariodesanpedro.com.ar\/sitio\/wp-json\/wp\/v2\/posts\/43207","targetHints":{"allow":["GET"]}}],"collection":[{"href":"https:\/\/eldiariodesanpedro.com.ar\/sitio\/wp-json\/wp\/v2\/posts"}],"about":[{"href":"https:\/\/eldiariodesanpedro.com.ar\/sitio\/wp-json\/wp\/v2\/types\/post"}],"author":[{"embeddable":true,"href":"https:\/\/eldiariodesanpedro.com.ar\/sitio\/wp-json\/wp\/v2\/users\/4"}],"replies":[{"embeddable":true,"href":"https:\/\/eldiariodesanpedro.com.ar\/sitio\/wp-json\/wp\/v2\/comments?post=43207"}],"version-history":[{"count":1,"href":"https:\/\/eldiariodesanpedro.com.ar\/sitio\/wp-json\/wp\/v2\/posts\/43207\/revisions"}],"predecessor-version":[{"id":43211,"href":"https:\/\/eldiariodesanpedro.com.ar\/sitio\/wp-json\/wp\/v2\/posts\/43207\/revisions\/43211"}],"wp:featuredmedia":[{"embeddable":true,"href":"https:\/\/eldiariodesanpedro.com.ar\/sitio\/wp-json\/wp\/v2\/media\/43209"}],"wp:attachment":[{"href":"https:\/\/eldiariodesanpedro.com.ar\/sitio\/wp-json\/wp\/v2\/media?parent=43207"}],"wp:term":[{"taxonomy":"category","embeddable":true,"href":"https:\/\/eldiariodesanpedro.com.ar\/sitio\/wp-json\/wp\/v2\/categories?post=43207"},{"taxonomy":"post_tag","embeddable":true,"href":"https:\/\/eldiariodesanpedro.com.ar\/sitio\/wp-json\/wp\/v2\/tags?post=43207"}],"curies":[{"name":"wp","href":"https:\/\/api.w.org\/{rel}","templated":true}]}}