{"id":43204,"date":"2018-11-08T10:48:16","date_gmt":"2018-11-08T13:48:16","guid":{"rendered":"https:\/\/eldiariodesanpedro.com.ar\/sitio\/?p=43204"},"modified":"2018-11-08T10:48:16","modified_gmt":"2018-11-08T13:48:16","slug":"campana-detienen-a-degenerado-por-mostrar-sus-genitales-a-una-menor","status":"publish","type":"post","link":"https:\/\/eldiariodesanpedro.com.ar\/sitio\/campana-detienen-a-degenerado-por-mostrar-sus-genitales-a-una-menor\/","title":{"rendered":"CAMPANA: Detienen a degenerado por mostrar sus genitales a una menor"},"content":{"rendered":"<p><!-- VideographyWP Plugin Message: Automatic video embedding prevented by plugin options. --><br \/>\nEl hecho ocurri\u00f3 en el barrio Ariel del Plata, en inmediaciones de la Escuela 22. Un grupo de madres advirtieron lo ocurrido, increparon al sujeto y dieron aviso a la Polic\u00eda. Finalmente, fue detenido.<\/p>\n<p><img decoding=\"async\" data-attachment-id=\"43205\" data-permalink=\"https:\/\/eldiariodesanpedro.com.ar\/sitio\/campana-detienen-a-degenerado-por-mostrar-sus-genitales-a-una-menor\/attachment\/20181107084824\/\" data-orig-file=\"https:\/\/eldiariodesanpedro.com.ar\/sitio\/wp-content\/uploads\/2018\/11\/20181107084824.jpg\" data-orig-size=\"470,316\" data-comments-opened=\"1\" data-image-meta=\"{&quot;aperture&quot;:&quot;0&quot;,&quot;credit&quot;:&quot;&quot;,&quot;camera&quot;:&quot;&quot;,&quot;caption&quot;:&quot;&quot;,&quot;created_timestamp&quot;:&quot;0&quot;,&quot;copyright&quot;:&quot;&quot;,&quot;focal_length&quot;:&quot;0&quot;,&quot;iso&quot;:&quot;0&quot;,&quot;shutter_speed&quot;:&quot;0&quot;,&quot;title&quot;:&quot;&quot;,&quot;orientation&quot;:&quot;0&quot;}\" data-image-title=\"20181107084824\" data-image-description=\"\" data-image-caption=\"\" data-large-file=\"https:\/\/eldiariodesanpedro.com.ar\/sitio\/wp-content\/uploads\/2018\/11\/20181107084824.jpg\" data-src=\"https:\/\/eldiariodesanpedro.com.ar\/sitio\/wp-content\/uploads\/2018\/11\/20181107084824.jpg\" alt=\"\" width=\"470\" height=\"316\" class=\"alignnone size-full wp-image-43205 lazyload\" data-srcset=\"https:\/\/eldiariodesanpedro.com.ar\/sitio\/wp-content\/uploads\/2018\/11\/20181107084824.jpg 470w, https:\/\/eldiariodesanpedro.com.ar\/sitio\/wp-content\/uploads\/2018\/11\/20181107084824-300x202.jpg 300w\" data-sizes=\"(max-width: 470px) 100vw, 470px\" src=\"data:image\/svg+xml;base64,PHN2ZyB3aWR0aD0iMSIgaGVpZ2h0PSIxIiB4bWxucz0iaHR0cDovL3d3dy53My5vcmcvMjAwMC9zdmciPjwvc3ZnPg==\" style=\"--smush-placeholder-width: 470px; --smush-placeholder-aspect-ratio: 470\/316;\" \/><\/p>\n<p>Un sujeto fue detenido ayer, luego de mantener un altercado con un grupo de madres en la zona de la plaza del barrio Ariel del Plata, por haberle mostrado sus genitales a una menor.<\/p>\n<p>Al menos media docena de vecinas que se encontraban en el lugar, muy cercano a la Escuela 22 del mencionado barrio, fueron testigos del desagradable episodio, y r\u00e1pidamente increparon al sujeto. Incluso, una de las mujeres lo habr\u00eda golpeado.<\/p>\n<p>Al llegar la Polic\u00eda, la discusi\u00f3n continu\u00f3 en cuanto a la formalizaci\u00f3n de la denuncia y la detenci\u00f3n del individuo, quien tendr\u00eda antecedentes de hechos similares. Seg\u00fan versiones, d\u00edas pasados habr\u00eda sido sorprendido masturb\u00e1ndose en la galer\u00eda comercial, conocida del barrio.<\/p>\n<p>Finalmente, el degenerado fue aprehendido y trasladado a sede policial. Las vecinas realizar\u00edan luego, la denuncia correspondiente.<\/p>\n<p>fUENTE: Campana Noticias<\/p>\n","protected":false},"excerpt":{"rendered":"<p>El hecho ocurri\u00f3 en el barrio Ariel del Plata, en inmediaciones de la Escuela 22. Un grupo de madres advirtieron lo ocurrido, increparon al sujeto y dieron aviso a la Polic\u00eda. Finalmente, fue detenido. Un sujeto fue detenido ayer, luego de mantener un altercado con un grupo de madres en la zona de la plaza [&hellip;]<\/p>\n","protected":false},"author":4,"featured_media":43205,"comment_status":"open","ping_status":"closed","sticky":false,"template":"","format":"standard","meta":{"om_disable_all_campaigns":false,"_jetpack_memberships_contains_paid_content":false,"footnotes":""},"categories":[621],"tags":[],"class_list":["post-43204","post","type-post","status-publish","format-standard","has-post-thumbnail","hentry","category-regionales"],"aioseo_notices":[],"gutentor_comment":0,"jetpack_featured_media_url":"https:\/\/eldiariodesanpedro.com.ar\/sitio\/wp-content\/uploads\/2018\/11\/20181107084824.jpg","jetpack_shortlink":"https:\/\/wp.me\/p6RhLt-beQ","jetpack_sharing_enabled":true,"_links":{"self":[{"href":"https:\/\/eldiariodesanpedro.com.ar\/sitio\/wp-json\/wp\/v2\/posts\/43204","targetHints":{"allow":["GET"]}}],"collection":[{"href":"https:\/\/eldiariodesanpedro.com.ar\/sitio\/wp-json\/wp\/v2\/posts"}],"about":[{"href":"https:\/\/eldiariodesanpedro.com.ar\/sitio\/wp-json\/wp\/v2\/types\/post"}],"author":[{"embeddable":true,"href":"https:\/\/eldiariodesanpedro.com.ar\/sitio\/wp-json\/wp\/v2\/users\/4"}],"replies":[{"embeddable":true,"href":"https:\/\/eldiariodesanpedro.com.ar\/sitio\/wp-json\/wp\/v2\/comments?post=43204"}],"version-history":[{"count":1,"href":"https:\/\/eldiariodesanpedro.com.ar\/sitio\/wp-json\/wp\/v2\/posts\/43204\/revisions"}],"predecessor-version":[{"id":43206,"href":"https:\/\/eldiariodesanpedro.com.ar\/sitio\/wp-json\/wp\/v2\/posts\/43204\/revisions\/43206"}],"wp:featuredmedia":[{"embeddable":true,"href":"https:\/\/eldiariodesanpedro.com.ar\/sitio\/wp-json\/wp\/v2\/media\/43205"}],"wp:attachment":[{"href":"https:\/\/eldiariodesanpedro.com.ar\/sitio\/wp-json\/wp\/v2\/media?parent=43204"}],"wp:term":[{"taxonomy":"category","embeddable":true,"href":"https:\/\/eldiariodesanpedro.com.ar\/sitio\/wp-json\/wp\/v2\/categories?post=43204"},{"taxonomy":"post_tag","embeddable":true,"href":"https:\/\/eldiariodesanpedro.com.ar\/sitio\/wp-json\/wp\/v2\/tags?post=43204"}],"curies":[{"name":"wp","href":"https:\/\/api.w.org\/{rel}","templated":true}]}}