{"id":43201,"date":"2018-11-08T10:43:46","date_gmt":"2018-11-08T13:43:46","guid":{"rendered":"https:\/\/eldiariodesanpedro.com.ar\/sitio\/?p=43201"},"modified":"2018-11-08T10:43:46","modified_gmt":"2018-11-08T13:43:46","slug":"campana-por-saludar-a-un-amigo-choco-contra-un-auto","status":"publish","type":"post","link":"https:\/\/eldiariodesanpedro.com.ar\/sitio\/campana-por-saludar-a-un-amigo-choco-contra-un-auto\/","title":{"rendered":"CAMPANA: Por saludar a un amigo, choc\u00f3 contra un auto"},"content":{"rendered":"<p><!-- VideographyWP Plugin Message: Automatic video embedding prevented by plugin options. --><br \/>\nUn motociclista result\u00f3 herido en la esquina de Av. Mitre y Castilla. Sufri\u00f3 un golpe en la pierna izquierda, y tuvo que ser hospitalizado. Intervinieron Same y Polic\u00eda.<\/p>\n<p><img decoding=\"async\" data-attachment-id=\"43202\" data-permalink=\"https:\/\/eldiariodesanpedro.com.ar\/sitio\/campana-por-saludar-a-un-amigo-choco-contra-un-auto\/attachment\/20181107055806\/\" data-orig-file=\"https:\/\/eldiariodesanpedro.com.ar\/sitio\/wp-content\/uploads\/2018\/11\/20181107055806.jpg\" data-orig-size=\"470,242\" data-comments-opened=\"1\" data-image-meta=\"{&quot;aperture&quot;:&quot;0&quot;,&quot;credit&quot;:&quot;&quot;,&quot;camera&quot;:&quot;&quot;,&quot;caption&quot;:&quot;&quot;,&quot;created_timestamp&quot;:&quot;0&quot;,&quot;copyright&quot;:&quot;&quot;,&quot;focal_length&quot;:&quot;0&quot;,&quot;iso&quot;:&quot;0&quot;,&quot;shutter_speed&quot;:&quot;0&quot;,&quot;title&quot;:&quot;&quot;,&quot;orientation&quot;:&quot;0&quot;}\" data-image-title=\"20181107055806\" data-image-description=\"\" data-image-caption=\"\" data-large-file=\"https:\/\/eldiariodesanpedro.com.ar\/sitio\/wp-content\/uploads\/2018\/11\/20181107055806.jpg\" data-src=\"https:\/\/eldiariodesanpedro.com.ar\/sitio\/wp-content\/uploads\/2018\/11\/20181107055806.jpg\" alt=\"\" width=\"470\" height=\"242\" class=\"alignnone size-full wp-image-43202 lazyload\" data-srcset=\"https:\/\/eldiariodesanpedro.com.ar\/sitio\/wp-content\/uploads\/2018\/11\/20181107055806.jpg 470w, https:\/\/eldiariodesanpedro.com.ar\/sitio\/wp-content\/uploads\/2018\/11\/20181107055806-300x154.jpg 300w\" data-sizes=\"(max-width: 470px) 100vw, 470px\" src=\"data:image\/svg+xml;base64,PHN2ZyB3aWR0aD0iMSIgaGVpZ2h0PSIxIiB4bWxucz0iaHR0cDovL3d3dy53My5vcmcvMjAwMC9zdmciPjwvc3ZnPg==\" style=\"--smush-placeholder-width: 470px; --smush-placeholder-aspect-ratio: 470\/242;\" \/><\/p>\n<p>Un motociclista result\u00f3 herido en un accidente ocurrido d\u00edas pasados, cerca de las 21 hs, en el cruce de la Av. Mitre y Castilla.<\/p>\n<p>Testigos del hecho se\u00f1alan que el conductor de la moto se distrajo cuando un conocido le toc\u00f3 bocina para saludarlo. Fue cuando no se percat\u00f3 de la presencia de un Volkswagen Gol, contra el cual impacta.<\/p>\n<p>El automovilista, un hombre mayor de edad, se puso muy nervioso ante lo ocurrido. Sin embargo, el motociclista solo sufri\u00f3 un golpe en la pierna izquierda.<\/p>\n<p>Fue auxiliado y trasladado al Hospital por el m\u00f3vil 2 del Same a cargo del Dr. Vizgarra. Tambi\u00e9n colabor\u00f3 la unidad de la zona 5 del CP.<\/p>\n<p>Fuente: Campana Noticias<\/p>\n","protected":false},"excerpt":{"rendered":"<p>Un motociclista result\u00f3 herido en la esquina de Av. Mitre y Castilla. Sufri\u00f3 un golpe en la pierna izquierda, y tuvo que ser hospitalizado. Intervinieron Same y Polic\u00eda. Un motociclista result\u00f3 herido en un accidente ocurrido d\u00edas pasados, cerca de las 21 hs, en el cruce de la Av. Mitre y Castilla. Testigos del hecho [&hellip;]<\/p>\n","protected":false},"author":4,"featured_media":43202,"comment_status":"open","ping_status":"closed","sticky":false,"template":"","format":"standard","meta":{"om_disable_all_campaigns":false,"_jetpack_memberships_contains_paid_content":false,"footnotes":""},"categories":[621],"tags":[],"class_list":["post-43201","post","type-post","status-publish","format-standard","has-post-thumbnail","hentry","category-regionales"],"aioseo_notices":[],"gutentor_comment":0,"jetpack_featured_media_url":"https:\/\/eldiariodesanpedro.com.ar\/sitio\/wp-content\/uploads\/2018\/11\/20181107055806.jpg","jetpack_shortlink":"https:\/\/wp.me\/p6RhLt-beN","jetpack_sharing_enabled":true,"_links":{"self":[{"href":"https:\/\/eldiariodesanpedro.com.ar\/sitio\/wp-json\/wp\/v2\/posts\/43201","targetHints":{"allow":["GET"]}}],"collection":[{"href":"https:\/\/eldiariodesanpedro.com.ar\/sitio\/wp-json\/wp\/v2\/posts"}],"about":[{"href":"https:\/\/eldiariodesanpedro.com.ar\/sitio\/wp-json\/wp\/v2\/types\/post"}],"author":[{"embeddable":true,"href":"https:\/\/eldiariodesanpedro.com.ar\/sitio\/wp-json\/wp\/v2\/users\/4"}],"replies":[{"embeddable":true,"href":"https:\/\/eldiariodesanpedro.com.ar\/sitio\/wp-json\/wp\/v2\/comments?post=43201"}],"version-history":[{"count":1,"href":"https:\/\/eldiariodesanpedro.com.ar\/sitio\/wp-json\/wp\/v2\/posts\/43201\/revisions"}],"predecessor-version":[{"id":43203,"href":"https:\/\/eldiariodesanpedro.com.ar\/sitio\/wp-json\/wp\/v2\/posts\/43201\/revisions\/43203"}],"wp:featuredmedia":[{"embeddable":true,"href":"https:\/\/eldiariodesanpedro.com.ar\/sitio\/wp-json\/wp\/v2\/media\/43202"}],"wp:attachment":[{"href":"https:\/\/eldiariodesanpedro.com.ar\/sitio\/wp-json\/wp\/v2\/media?parent=43201"}],"wp:term":[{"taxonomy":"category","embeddable":true,"href":"https:\/\/eldiariodesanpedro.com.ar\/sitio\/wp-json\/wp\/v2\/categories?post=43201"},{"taxonomy":"post_tag","embeddable":true,"href":"https:\/\/eldiariodesanpedro.com.ar\/sitio\/wp-json\/wp\/v2\/tags?post=43201"}],"curies":[{"name":"wp","href":"https:\/\/api.w.org\/{rel}","templated":true}]}}