{"id":43198,"date":"2018-11-08T10:33:06","date_gmt":"2018-11-08T13:33:06","guid":{"rendered":"https:\/\/eldiariodesanpedro.com.ar\/sitio\/?p=43198"},"modified":"2018-11-08T10:33:06","modified_gmt":"2018-11-08T13:33:06","slug":"san-nicolas-corte-de-vias-por-la-muerte-de-lorenzo-fringes","status":"publish","type":"post","link":"https:\/\/eldiariodesanpedro.com.ar\/sitio\/san-nicolas-corte-de-vias-por-la-muerte-de-lorenzo-fringes\/","title":{"rendered":"SAN NICOL\u00c1S: Corte de v\u00edas por la muerte de Lorenzo Fringes"},"content":{"rendered":"<p><!-- VideographyWP Plugin Message: Automatic video embedding prevented by plugin options. --><br \/>\nA ra\u00edz del tr\u00e1gico accidente ocurrido en la noche del lunes donde una formaci\u00f3n de tren arroll\u00f3 a un cuatriciclo en el que viajaban dos j\u00f3venes y por el cual perdi\u00f3 la vida Lorenzo Fringes de 19 a\u00f1os, familiares del mismo efectuaron un corte en la v\u00eda reclamando la colocaci\u00f3n de barrera en ese paso a nivel. Ya en el 2015 hab\u00eda ocurrido un hecho de similares caracter\u00edsticas.<\/p>\n<p>Como consign\u00f3 EL NORTE en su edici\u00f3n del d\u00eda martes por circunstancias que se tratan de establecer en el paso a nivel de calle Ponce de Le\u00f3n y V\u00edas f\u00e9rreas, formaci\u00f3n de locomotora con seis vagones pertenecientes a Trenes Argentinos con destino ciudad de Rosario, colision\u00f3 con un cuatriciclo marca Scout color azul guiado por Lorenzo Fringes de 18 a\u00f1os y Alejandro Parodi de 19 a\u00f1os, ambos de barrio Los Pinos, resultando Fringes v\u00edctima fatal y Parodi con lesiones graves sin riesgo de vida salvo complicaciones.<\/p>\n<p>Asimismo al momento de la espera de ambulancia vecinos de la zona agredieron al personal mediante piedrazos da\u00f1ando m\u00f3viles policiales y lesionado a una sargento de 28 a\u00f1os. Los efectivos debieron reprimir a los manifestantes mediante el uso de balas de goma y as\u00ed permitir que los bomberos y peritos puedan actuar.<\/p>\n<p>Protesta<br \/>\nEsta ma\u00f1ana, familiares del fallecido y vecinos del lugar se manifestaron en la zona del accidente, mediante quema de cubiertas y pancartas exigiendo que se coloque paso a nivel en ese lugar. Aproximadamente una veintena de personas cortaron los rieles y se manifestaron exigiendo respuestas.<\/p>\n<p>En ese paso a nivel se encuentran las se\u00f1ales t\u00edpicas con la cruz y las advertencias de paso del tren pero no existen barreras, por lo que la pol\u00e9mica ya est\u00e1 en el aire ya que la avenida Ponce de Le\u00f3n a partir de su asfaltado es de circulaci\u00f3n muy fluida y este cruce gan\u00f3 en importancia. Hablando con los vecinos se dice que los j\u00f3venes quisieron \u00abganarle al tren\u00bb, y tambi\u00e9n est\u00e1n quienes aseguran que el tren no toc\u00f3 la sirena hasta \u00faltimo momento cuando reglamentariamente deber\u00eda hacerlo en cada paso urbano. Todas no son m\u00e1s que palabras que despu\u00e9s la justicia deber\u00e1 comprobar, pero lo real, lo tangible, lo doloroso es que otra vida se perdi\u00f3 en un nuevo accidente de tr\u00e1nsito.<\/p>\n<p>Fuente: Diario El Norte<\/p>\n","protected":false},"excerpt":{"rendered":"<p>A ra\u00edz del tr\u00e1gico accidente ocurrido en la noche del lunes donde una formaci\u00f3n de tren arroll\u00f3 a un cuatriciclo en el que viajaban dos j\u00f3venes y por el cual perdi\u00f3 la vida Lorenzo Fringes de 19 a\u00f1os, familiares del mismo efectuaron un corte en la v\u00eda reclamando la colocaci\u00f3n de barrera en ese paso [&hellip;]<\/p>\n","protected":false},"author":4,"featured_media":43199,"comment_status":"open","ping_status":"closed","sticky":false,"template":"","format":"standard","meta":{"om_disable_all_campaigns":false,"_jetpack_memberships_contains_paid_content":false,"footnotes":""},"categories":[621],"tags":[],"class_list":["post-43198","post","type-post","status-publish","format-standard","has-post-thumbnail","hentry","category-regionales"],"aioseo_notices":[],"gutentor_comment":0,"jetpack_featured_media_url":"https:\/\/eldiariodesanpedro.com.ar\/sitio\/wp-content\/uploads\/2018\/11\/0.jpg","jetpack_shortlink":"https:\/\/wp.me\/p6RhLt-beK","jetpack_sharing_enabled":true,"_links":{"self":[{"href":"https:\/\/eldiariodesanpedro.com.ar\/sitio\/wp-json\/wp\/v2\/posts\/43198","targetHints":{"allow":["GET"]}}],"collection":[{"href":"https:\/\/eldiariodesanpedro.com.ar\/sitio\/wp-json\/wp\/v2\/posts"}],"about":[{"href":"https:\/\/eldiariodesanpedro.com.ar\/sitio\/wp-json\/wp\/v2\/types\/post"}],"author":[{"embeddable":true,"href":"https:\/\/eldiariodesanpedro.com.ar\/sitio\/wp-json\/wp\/v2\/users\/4"}],"replies":[{"embeddable":true,"href":"https:\/\/eldiariodesanpedro.com.ar\/sitio\/wp-json\/wp\/v2\/comments?post=43198"}],"version-history":[{"count":1,"href":"https:\/\/eldiariodesanpedro.com.ar\/sitio\/wp-json\/wp\/v2\/posts\/43198\/revisions"}],"predecessor-version":[{"id":43200,"href":"https:\/\/eldiariodesanpedro.com.ar\/sitio\/wp-json\/wp\/v2\/posts\/43198\/revisions\/43200"}],"wp:featuredmedia":[{"embeddable":true,"href":"https:\/\/eldiariodesanpedro.com.ar\/sitio\/wp-json\/wp\/v2\/media\/43199"}],"wp:attachment":[{"href":"https:\/\/eldiariodesanpedro.com.ar\/sitio\/wp-json\/wp\/v2\/media?parent=43198"}],"wp:term":[{"taxonomy":"category","embeddable":true,"href":"https:\/\/eldiariodesanpedro.com.ar\/sitio\/wp-json\/wp\/v2\/categories?post=43198"},{"taxonomy":"post_tag","embeddable":true,"href":"https:\/\/eldiariodesanpedro.com.ar\/sitio\/wp-json\/wp\/v2\/tags?post=43198"}],"curies":[{"name":"wp","href":"https:\/\/api.w.org\/{rel}","templated":true}]}}