{"id":43193,"date":"2018-11-08T09:40:33","date_gmt":"2018-11-08T12:40:33","guid":{"rendered":"https:\/\/eldiariodesanpedro.com.ar\/sitio\/?p=43193"},"modified":"2018-11-08T09:40:33","modified_gmt":"2018-11-08T12:40:33","slug":"robaron-una-motocicleta-110-cc","status":"publish","type":"post","link":"https:\/\/eldiariodesanpedro.com.ar\/sitio\/robaron-una-motocicleta-110-cc\/","title":{"rendered":"Robaron una motocicleta 110 cc"},"content":{"rendered":"<p><!-- VideographyWP Plugin Message: Automatic video embedding prevented by plugin options. --><br \/>\nEn la noche del mi\u00e9rcoles, una mujer de 37 a\u00f1os de edad, constato al salir a la vereda de su domicilio, ubicado en calle Pav\u00f3n al 1000, que delincuentes ignorados, sustrajeron su motocicleta 110 cc que se encontraba estacionada en la vereda.<\/p>\n<p>Tambi\u00e9n en el  parte policial, otro hecho de hurto fue denunciado cuando una ciudadana mayor, iba caminando por calle 3 de Febrero y en intersecci\u00f3n de Segundo Sombra es sorprendida por un malviviente quien le sustrae la cartera d\u00e1ndose a la fuga. La victima no presenta lesiones.<\/p>\n<p>Ambo hechos son investigados por la Fiscal\u00eda en turno.<\/p>\n","protected":false},"excerpt":{"rendered":"<p>En la noche del mi\u00e9rcoles, una mujer de 37 a\u00f1os de edad, constato al salir a la vereda de su domicilio, ubicado en calle Pav\u00f3n al 1000, que delincuentes ignorados, sustrajeron su motocicleta 110 cc que se encontraba estacionada en la vereda. Tambi\u00e9n en el parte policial, otro hecho de hurto fue denunciado cuando una [&hellip;]<\/p>\n","protected":false},"author":4,"featured_media":13371,"comment_status":"open","ping_status":"closed","sticky":false,"template":"","format":"standard","meta":{"om_disable_all_campaigns":false,"_jetpack_memberships_contains_paid_content":false,"footnotes":""},"categories":[2,103],"tags":[],"class_list":["post-43193","post","type-post","status-publish","format-standard","has-post-thumbnail","hentry","category-locales","category-policiales-locales"],"aioseo_notices":[],"gutentor_comment":0,"jetpack_featured_media_url":"https:\/\/eldiariodesanpedro.com.ar\/sitio\/wp-content\/uploads\/2017\/01\/Patrulla-3-e1485286104708.jpg","jetpack_shortlink":"https:\/\/wp.me\/p6RhLt-beF","jetpack_sharing_enabled":true,"_links":{"self":[{"href":"https:\/\/eldiariodesanpedro.com.ar\/sitio\/wp-json\/wp\/v2\/posts\/43193","targetHints":{"allow":["GET"]}}],"collection":[{"href":"https:\/\/eldiariodesanpedro.com.ar\/sitio\/wp-json\/wp\/v2\/posts"}],"about":[{"href":"https:\/\/eldiariodesanpedro.com.ar\/sitio\/wp-json\/wp\/v2\/types\/post"}],"author":[{"embeddable":true,"href":"https:\/\/eldiariodesanpedro.com.ar\/sitio\/wp-json\/wp\/v2\/users\/4"}],"replies":[{"embeddable":true,"href":"https:\/\/eldiariodesanpedro.com.ar\/sitio\/wp-json\/wp\/v2\/comments?post=43193"}],"version-history":[{"count":1,"href":"https:\/\/eldiariodesanpedro.com.ar\/sitio\/wp-json\/wp\/v2\/posts\/43193\/revisions"}],"predecessor-version":[{"id":43194,"href":"https:\/\/eldiariodesanpedro.com.ar\/sitio\/wp-json\/wp\/v2\/posts\/43193\/revisions\/43194"}],"wp:featuredmedia":[{"embeddable":true,"href":"https:\/\/eldiariodesanpedro.com.ar\/sitio\/wp-json\/wp\/v2\/media\/13371"}],"wp:attachment":[{"href":"https:\/\/eldiariodesanpedro.com.ar\/sitio\/wp-json\/wp\/v2\/media?parent=43193"}],"wp:term":[{"taxonomy":"category","embeddable":true,"href":"https:\/\/eldiariodesanpedro.com.ar\/sitio\/wp-json\/wp\/v2\/categories?post=43193"},{"taxonomy":"post_tag","embeddable":true,"href":"https:\/\/eldiariodesanpedro.com.ar\/sitio\/wp-json\/wp\/v2\/tags?post=43193"}],"curies":[{"name":"wp","href":"https:\/\/api.w.org\/{rel}","templated":true}]}}