{"id":43191,"date":"2018-11-08T09:23:31","date_gmt":"2018-11-08T12:23:31","guid":{"rendered":"https:\/\/eldiariodesanpedro.com.ar\/sitio\/?p=43191"},"modified":"2018-11-08T09:23:31","modified_gmt":"2018-11-08T12:23:31","slug":"dos-jovenes-amenazaron-y-golpearon-a-un-menor-en-la-via-publica","status":"publish","type":"post","link":"https:\/\/eldiariodesanpedro.com.ar\/sitio\/dos-jovenes-amenazaron-y-golpearon-a-un-menor-en-la-via-publica\/","title":{"rendered":"Dos jovenes amenazaron y golpearon a un menor en la via publica"},"content":{"rendered":"<p><!-- VideographyWP Plugin Message: Automatic video embedding prevented by plugin options. --><br \/>\nFue su abuela, una mujer mayor de edad, quien radic\u00f3 la denuncia en la Comisaria Local luego de ver a su nieto agredido.<\/p>\n<p>Ocurri\u00f3 cuando el menor de 14, circulaba en su bicicleta por calle Mitre, cuando al llegar a inmediaciones de calle Caron\u00ed se le acercan dos j\u00f3venes a los que reconoce por ser sus ex vecinos, y comienzan agredir verbalmente, amenazandolo de muerte y le propinan un golpe de pu\u00f1o en su rostro.<\/p>\n<p>El adolescente fue atendido por el medico de guardia, no presenta lesiones visibles.<\/p>\n<p>Tambi\u00e9n una mujer de 35, denuncio que fue amenazada por otras dos, cuando se dirig\u00eda junto a sus dos hijas de menores de edad a la escuela Industrial.<\/p>\n<p>Las agresoras la intimidaban verbalmente y agredieron a una de sus ni\u00f1as sin provocarle lesiones; la denunciante dice tener problemas de larga data y que esto es una provocaci\u00f3n a espera de su reacci\u00f3n.<\/p>\n","protected":false},"excerpt":{"rendered":"<p>Fue su abuela, una mujer mayor de edad, quien radic\u00f3 la denuncia en la Comisaria Local luego de ver a su nieto agredido. Ocurri\u00f3 cuando el menor de 14, circulaba en su bicicleta por calle Mitre, cuando al llegar a inmediaciones de calle Caron\u00ed se le acercan dos j\u00f3venes a los que reconoce por ser [&hellip;]<\/p>\n","protected":false},"author":4,"featured_media":23313,"comment_status":"open","ping_status":"closed","sticky":false,"template":"","format":"standard","meta":{"om_disable_all_campaigns":false,"_jetpack_memberships_contains_paid_content":false,"footnotes":""},"categories":[2,103],"tags":[],"class_list":["post-43191","post","type-post","status-publish","format-standard","has-post-thumbnail","hentry","category-locales","category-policiales-locales"],"aioseo_notices":[],"gutentor_comment":0,"jetpack_featured_media_url":"https:\/\/eldiariodesanpedro.com.ar\/sitio\/wp-content\/uploads\/2017\/09\/patrulla-nocturna.jpg","jetpack_shortlink":"https:\/\/wp.me\/p6RhLt-beD","jetpack_sharing_enabled":true,"_links":{"self":[{"href":"https:\/\/eldiariodesanpedro.com.ar\/sitio\/wp-json\/wp\/v2\/posts\/43191","targetHints":{"allow":["GET"]}}],"collection":[{"href":"https:\/\/eldiariodesanpedro.com.ar\/sitio\/wp-json\/wp\/v2\/posts"}],"about":[{"href":"https:\/\/eldiariodesanpedro.com.ar\/sitio\/wp-json\/wp\/v2\/types\/post"}],"author":[{"embeddable":true,"href":"https:\/\/eldiariodesanpedro.com.ar\/sitio\/wp-json\/wp\/v2\/users\/4"}],"replies":[{"embeddable":true,"href":"https:\/\/eldiariodesanpedro.com.ar\/sitio\/wp-json\/wp\/v2\/comments?post=43191"}],"version-history":[{"count":1,"href":"https:\/\/eldiariodesanpedro.com.ar\/sitio\/wp-json\/wp\/v2\/posts\/43191\/revisions"}],"predecessor-version":[{"id":43192,"href":"https:\/\/eldiariodesanpedro.com.ar\/sitio\/wp-json\/wp\/v2\/posts\/43191\/revisions\/43192"}],"wp:featuredmedia":[{"embeddable":true,"href":"https:\/\/eldiariodesanpedro.com.ar\/sitio\/wp-json\/wp\/v2\/media\/23313"}],"wp:attachment":[{"href":"https:\/\/eldiariodesanpedro.com.ar\/sitio\/wp-json\/wp\/v2\/media?parent=43191"}],"wp:term":[{"taxonomy":"category","embeddable":true,"href":"https:\/\/eldiariodesanpedro.com.ar\/sitio\/wp-json\/wp\/v2\/categories?post=43191"},{"taxonomy":"post_tag","embeddable":true,"href":"https:\/\/eldiariodesanpedro.com.ar\/sitio\/wp-json\/wp\/v2\/tags?post=43191"}],"curies":[{"name":"wp","href":"https:\/\/api.w.org\/{rel}","templated":true}]}}