{"id":43170,"date":"2018-11-07T21:17:18","date_gmt":"2018-11-08T00:17:18","guid":{"rendered":"https:\/\/eldiariodesanpedro.com.ar\/sitio\/?p=43170"},"modified":"2018-11-07T21:17:18","modified_gmt":"2018-11-08T00:17:18","slug":"finalizo-el-taller-de-cocina-de-la-sede-del-programa-envion","status":"publish","type":"post","link":"https:\/\/eldiariodesanpedro.com.ar\/sitio\/finalizo-el-taller-de-cocina-de-la-sede-del-programa-envion\/","title":{"rendered":"Finaliz\u00f3 el Taller de Cocina de la Sede del Programa Envi\u00f3n"},"content":{"rendered":"<p><!-- VideographyWP Plugin Message: Automatic video embedding prevented by plugin options. --><br \/>\nEn el d\u00eda de ayer concluy\u00f3 el taller de cocina que se dictaba en la sede del Programa Envi\u00f3n en Depietri, a cargo del \u00c1rea Redes Comunitarias de la Secretar\u00eda de Desarrollo Humano. El mismo fue abierto a la comunidad, enmarcado dentro del Proyecto Depietri financiado por el Ministerio de Infraestructura y Obras P\u00fablicas de la Naci\u00f3n.  <\/p>\n<p>  A trav\u00e9s de los talleres ofrecidos durante el corriente a\u00f1o se trabaj\u00f3 en el empoderamiento de la comunidad y especialmente el de las mujeres respecto a los espacios comunitarios como lugar de encuentro, de capacitaci\u00f3n y de fortalecimiento.<br \/>\n  La buena predisposici\u00f3n y ganas que puso su capacitador, Lisandro Salinas, y la trabajadora social Natalia Lencina, fue el condimento que permiti\u00f3 conformar un hermoso grupo.<\/p>\n","protected":false},"excerpt":{"rendered":"<p>En el d\u00eda de ayer concluy\u00f3 el taller de cocina que se dictaba en la sede del Programa Envi\u00f3n en Depietri, a cargo del \u00c1rea Redes Comunitarias de la Secretar\u00eda de Desarrollo Humano. El mismo fue abierto a la comunidad, enmarcado dentro del Proyecto Depietri financiado por el Ministerio de Infraestructura y Obras P\u00fablicas de [&hellip;]<\/p>\n","protected":false},"author":4,"featured_media":43175,"comment_status":"open","ping_status":"closed","sticky":false,"template":"","format":"standard","meta":{"om_disable_all_campaigns":false,"_jetpack_memberships_contains_paid_content":false,"footnotes":""},"categories":[101,2],"tags":[],"class_list":["post-43170","post","type-post","status-publish","format-standard","has-post-thumbnail","hentry","category-interes-general-locales","category-locales"],"aioseo_notices":[],"gutentor_comment":0,"jetpack_featured_media_url":"https:\/\/eldiariodesanpedro.com.ar\/sitio\/wp-content\/uploads\/2018\/11\/PAGINA-4-DOS.jpg","jetpack_shortlink":"https:\/\/wp.me\/p6RhLt-bei","jetpack_sharing_enabled":true,"_links":{"self":[{"href":"https:\/\/eldiariodesanpedro.com.ar\/sitio\/wp-json\/wp\/v2\/posts\/43170","targetHints":{"allow":["GET"]}}],"collection":[{"href":"https:\/\/eldiariodesanpedro.com.ar\/sitio\/wp-json\/wp\/v2\/posts"}],"about":[{"href":"https:\/\/eldiariodesanpedro.com.ar\/sitio\/wp-json\/wp\/v2\/types\/post"}],"author":[{"embeddable":true,"href":"https:\/\/eldiariodesanpedro.com.ar\/sitio\/wp-json\/wp\/v2\/users\/4"}],"replies":[{"embeddable":true,"href":"https:\/\/eldiariodesanpedro.com.ar\/sitio\/wp-json\/wp\/v2\/comments?post=43170"}],"version-history":[{"count":1,"href":"https:\/\/eldiariodesanpedro.com.ar\/sitio\/wp-json\/wp\/v2\/posts\/43170\/revisions"}],"predecessor-version":[{"id":43178,"href":"https:\/\/eldiariodesanpedro.com.ar\/sitio\/wp-json\/wp\/v2\/posts\/43170\/revisions\/43178"}],"wp:featuredmedia":[{"embeddable":true,"href":"https:\/\/eldiariodesanpedro.com.ar\/sitio\/wp-json\/wp\/v2\/media\/43175"}],"wp:attachment":[{"href":"https:\/\/eldiariodesanpedro.com.ar\/sitio\/wp-json\/wp\/v2\/media?parent=43170"}],"wp:term":[{"taxonomy":"category","embeddable":true,"href":"https:\/\/eldiariodesanpedro.com.ar\/sitio\/wp-json\/wp\/v2\/categories?post=43170"},{"taxonomy":"post_tag","embeddable":true,"href":"https:\/\/eldiariodesanpedro.com.ar\/sitio\/wp-json\/wp\/v2\/tags?post=43170"}],"curies":[{"name":"wp","href":"https:\/\/api.w.org\/{rel}","templated":true}]}}