{"id":43169,"date":"2018-11-07T21:16:53","date_gmt":"2018-11-08T00:16:53","guid":{"rendered":"https:\/\/eldiariodesanpedro.com.ar\/sitio\/?p=43169"},"modified":"2018-11-07T21:16:53","modified_gmt":"2018-11-08T00:16:53","slug":"presentacion-y-actividades-para-la-implementacion-del-polo-de-seguridad-regional-y-educacion-vial-en-san-pedro","status":"publish","type":"post","link":"https:\/\/eldiariodesanpedro.com.ar\/sitio\/presentacion-y-actividades-para-la-implementacion-del-polo-de-seguridad-regional-y-educacion-vial-en-san-pedro\/","title":{"rendered":"Presentaci\u00f3n y actividades para la implementaci\u00f3n del Polo de Seguridad Regional y Educaci\u00f3n Vial en San Pedro"},"content":{"rendered":"<p><!-- VideographyWP Plugin Message: Automatic video embedding prevented by plugin options. --><br \/>\n  A partir de las gestiones conjuntas realizadas por el Secretario de Seguridad de la Municipalidad Eduardo Rolleri y el Concejal Dami\u00e1n Lafalce, se han comenzado a dar los primeros pasos hacia la creaci\u00f3n en San Pedro de un \u00abPolo de Seguridad Vial Regional y la aplicaci\u00f3n de un Plan de Manejo Seguro de Motos\u00bb, contando con la colaboraci\u00f3n de funcionarios y profesionales que han implementado con \u00e9xito un programa similar en Quilmes.<br \/>\n  Por tal motivo, el pr\u00f3ximo fin de semana est\u00e1n previstas actividades en la ciudad con una \u00abCl\u00ednica de Educaci\u00f3n Vial\u00bb con el fin de capacitar a los futuros instructores del plan y una \u00abMesa de Seguridad Vial\u00bb.<br \/>\n  El viernes 9 a las 14 en el sal\u00f3n de la Liga Deportiva Sampedrina se dictar\u00e1n clases te\u00f3ricas a las que podr\u00e1n concurrir todos los interesados, especialmente quienes conducen para actividades laborales como mensajeros, remiseros, etc.<\/p>\n<p>  Posteriormente a las 15.30 hs. tambi\u00e9n podr\u00e1n concurrir a una clase pr\u00e1ctica en el Play\u00f3n del Supermercado ubicado en 11 de septiembre y Ruta 1001.<br \/>\n  El s\u00e1bado con una convocatoria especialmente realizada desde la organizaci\u00f3n, nuevamente en la Liga Deportiva Sampedrina, tendr\u00e1 lugar la reuni\u00f3n de la Mesa Multisectorial de Seguridad Vial, en el sal\u00f3n de la Liga Deportiva Sampedrina. <\/p>\n<p>  Para todas las actividades es bienvenida la presencia de los medios que deseen cubrir este encuentro.<br \/>\n  Las reuniones entre representantes de nuestra comuna y de la Direcci\u00f3n de Licencias y Educaci\u00f3n Vial de ese municipio han generado importantes avances y existe el prop\u00f3sito de compartir con San Pedro y otros distritos de la provincia, una experiencia que ya lleva m\u00e1s de un a\u00f1o con importantes resultados en la prevenci\u00f3n de accidentes y el ordenamiento pr\u00e1ctico y administrativo de todo lo relacionado con el tr\u00e1nsito.<br \/>\n  Quilmes es el municipio impulsor de este programa que incluye adem\u00e1s el Plan Metropolitano de Motos con una valiosa integraci\u00f3n sectorial y acciones tales como el Curso Vial Obligatorio para obtener la primera licencia, como as\u00ed tambi\u00e9n la implementaci\u00f3n aleatoria de ex\u00e1menes te\u00f3ricos y reforzar la exigencia en la toma de ex\u00e1menes pr\u00e1cticos.  La propuesta comprende adem\u00e1s el desarrollo de las cl\u00ednicas de manejo seguro en moto con la colaboraci\u00f3n de la Comunidad Motociclista.<br \/>\n  El Proyecto \u00abPolo Regional de Seguridad y Educaci\u00f3n Vial San Pedro est\u00e1 compuesto por:<\/p>\n<p>CURSOS Y CAMPA\u00d1AS DE SEGURIDAD VIAL<br \/>\nESCUELAS DE MANEJO SEGURO<br \/>\nESCUELA DE MANEJO SEGURO EN MOTO<br \/>\nESCUELA DE MANEJO SEGURO DE CUATRICICLOS<br \/>\nPISTAS DE PR\u00c1CTICA PARA OBTENER LA PRIMERA LICENCIA DE TODO TIPO DE VEH\u00cdCULOS<br \/>\nCURSOS EDUCACI\u00d3N VIAL<\/p>\n<p>*TOMA DE EXAMENES PR\u00c1CTICOS PARA OBTENER LA LICENCIA DE CONDUCIR CUATRICICLOS MOTOS AUTOS TRAILERS, CAMIONES<br \/>\n(Actualmente la ciudad no cuenta con dicha pista, los mismos deben concurrir a localidades aleda\u00f1as)<\/p>\n<p>*INSTALACION DE PLANTA MOVIL DE VERIFICACI\u00d3N T\u00c9CNICA VEHICULAR EN SAN PEDRO<br \/>\n  Al poseer planta local se obliga a los vecinos a concurrir a localidades vecinas para lo cual deben acceder a Autopista, sin poseer la V.T.V y se trabajar\u00e1 para recuperar el tr\u00e1mite en la ciudad.<br \/>\n  Se analiza adem\u00e1s la implementaci\u00f3n de aulas para el dictado del curso obligatorio de educaci\u00f3n y seguridad vial que se exige antes de comenzar el tr\u00e1mite de primera licencia. Tambi\u00e9n participar\u00edan colegios desde edades tempranas donde accediendo a una pista de pr\u00e1ctica se\u00f1alizada para que los m\u00e1s peque\u00f1os tengan un circuito did\u00e1ctico con kartings, triciclos y bicicletas. De la misma manera se posibilitar\u00e1 la visita guiada de colegios primarios y secundarios. Haciendo hincapi\u00e9 en la toma de conciencia del uso efectivo del cintur\u00f3n de seguridad, el uso de casco, protecciones especiales para el uso de motos y cuatriciclos.<br \/>\n  Todo el proyecto apunta a desarrollar adem\u00e1s de seguridad vial, tambi\u00e9n hacer part\u00edcipes las \u00e1reas de Educaci\u00f3n, Deporte, Turismo y Producci\u00f3n a trav\u00e9s de varios emprendimientos proyectados.<\/p>\n<p>La agenda prevista es la siguiente:<\/p>\n<p><strong>Viernes 9 de noviembre<\/strong><br \/>\n14 hs &#8211; Clase te\u00f3rica en la Liga Deportiva Sampedrina (Mitre y Fray Cayetano Rodr\u00edguez)<br \/>\n15.30 hs &#8211; Clase pr\u00e1ctica (play\u00f3n de 11 de septiembre y Lucio Mansilla &#8211; Supermercado 18)<br \/>\n18 hs &#8211; Entrega de Certificados en la Liga Deportiva Sampedrina<\/p>\n<p><strong>S\u00e1bado 10 de noviembre<\/strong><br \/>\n9 hs &#8211; Reuni\u00f3n Multisectorial en Liga Deportiva Sampedrina <\/p>\n","protected":false},"excerpt":{"rendered":"<p>A partir de las gestiones conjuntas realizadas por el Secretario de Seguridad de la Municipalidad Eduardo Rolleri y el Concejal Dami\u00e1n Lafalce, se han comenzado a dar los primeros pasos hacia la creaci\u00f3n en San Pedro de un \u00abPolo de Seguridad Vial Regional y la aplicaci\u00f3n de un Plan de Manejo Seguro de Motos\u00bb, contando [&hellip;]<\/p>\n","protected":false},"author":4,"featured_media":43174,"comment_status":"open","ping_status":"closed","sticky":false,"template":"","format":"standard","meta":{"om_disable_all_campaigns":false,"_jetpack_memberships_contains_paid_content":false,"footnotes":""},"categories":[101,2],"tags":[],"class_list":["post-43169","post","type-post","status-publish","format-standard","has-post-thumbnail","hentry","category-interes-general-locales","category-locales"],"aioseo_notices":[],"gutentor_comment":0,"jetpack_featured_media_url":"https:\/\/eldiariodesanpedro.com.ar\/sitio\/wp-content\/uploads\/2018\/11\/PAGINA-4-UNO.jpg","jetpack_shortlink":"https:\/\/wp.me\/p6RhLt-beh","jetpack_sharing_enabled":true,"_links":{"self":[{"href":"https:\/\/eldiariodesanpedro.com.ar\/sitio\/wp-json\/wp\/v2\/posts\/43169","targetHints":{"allow":["GET"]}}],"collection":[{"href":"https:\/\/eldiariodesanpedro.com.ar\/sitio\/wp-json\/wp\/v2\/posts"}],"about":[{"href":"https:\/\/eldiariodesanpedro.com.ar\/sitio\/wp-json\/wp\/v2\/types\/post"}],"author":[{"embeddable":true,"href":"https:\/\/eldiariodesanpedro.com.ar\/sitio\/wp-json\/wp\/v2\/users\/4"}],"replies":[{"embeddable":true,"href":"https:\/\/eldiariodesanpedro.com.ar\/sitio\/wp-json\/wp\/v2\/comments?post=43169"}],"version-history":[{"count":1,"href":"https:\/\/eldiariodesanpedro.com.ar\/sitio\/wp-json\/wp\/v2\/posts\/43169\/revisions"}],"predecessor-version":[{"id":43176,"href":"https:\/\/eldiariodesanpedro.com.ar\/sitio\/wp-json\/wp\/v2\/posts\/43169\/revisions\/43176"}],"wp:featuredmedia":[{"embeddable":true,"href":"https:\/\/eldiariodesanpedro.com.ar\/sitio\/wp-json\/wp\/v2\/media\/43174"}],"wp:attachment":[{"href":"https:\/\/eldiariodesanpedro.com.ar\/sitio\/wp-json\/wp\/v2\/media?parent=43169"}],"wp:term":[{"taxonomy":"category","embeddable":true,"href":"https:\/\/eldiariodesanpedro.com.ar\/sitio\/wp-json\/wp\/v2\/categories?post=43169"},{"taxonomy":"post_tag","embeddable":true,"href":"https:\/\/eldiariodesanpedro.com.ar\/sitio\/wp-json\/wp\/v2\/tags?post=43169"}],"curies":[{"name":"wp","href":"https:\/\/api.w.org\/{rel}","templated":true}]}}