{"id":43163,"date":"2018-11-07T21:14:48","date_gmt":"2018-11-08T00:14:48","guid":{"rendered":"https:\/\/eldiariodesanpedro.com.ar\/sitio\/?p=43163"},"modified":"2018-11-07T21:14:48","modified_gmt":"2018-11-08T00:14:48","slug":"la-policia-local-paso-a-depender-de-la-policia-distrital","status":"publish","type":"post","link":"https:\/\/eldiariodesanpedro.com.ar\/sitio\/la-policia-local-paso-a-depender-de-la-policia-distrital\/","title":{"rendered":"La Polic\u00eda Local pas\u00f3 a depender de la Polic\u00eda Distrital"},"content":{"rendered":"<p><!-- VideographyWP Plugin Message: Automatic video embedding prevented by plugin options. --><br \/>\nTras el acuerdo que hace unas semanas firmaron el Intendente Salazar y el Ministro de Seguridad Cristian Ritondo, el martes se hizo efectivo el traspaso del personal.<\/p>\n<p>  Desde la ma\u00f1ana del martes el personal que en su momento se incorpor\u00f3 a la estructura de la Polic\u00eda Local pas\u00f3 a cumplir funciones en la Comisar\u00eda San Pedro bajo el ala de la Polic\u00eda Distrital.<br \/>\n  En septiembre pasado, cuando el Ministro de Seguridad Cristian Ritondo visit\u00f3 San Pedro, se firm\u00f3 el acuerdo con el municipio y tras cumplimentar los requisitos elementales se hizo efectiviz\u00f3 el traspaso de los funcionarios.<br \/>\n  El personal quedar\u00e1 a cargo del Subcomisario Andr\u00e9s Galeano, mientras que las autoridades que se desempe\u00f1aban en la Polic\u00eda Local tuvieron distintos destinos. La Teniente Laura Lencina seguir\u00e1 cumpliendo funciones en la Comisar\u00eda mientras que al Comisario Carlos Calder\u00f3n se le asignar\u00e1 otra dependencia de la provincia.<br \/>\n  En total son 80 los efectivos que quedaron a disposici\u00f3n de la Comisar\u00eda y se suman a los 88 que ya hab\u00eda disponibles. <\/p>\n<p>Fuente: San Pedro Informa   <\/p>\n","protected":false},"excerpt":{"rendered":"<p>Tras el acuerdo que hace unas semanas firmaron el Intendente Salazar y el Ministro de Seguridad Cristian Ritondo, el martes se hizo efectivo el traspaso del personal. Desde la ma\u00f1ana del martes el personal que en su momento se incorpor\u00f3 a la estructura de la Polic\u00eda Local pas\u00f3 a cumplir funciones en la Comisar\u00eda San [&hellip;]<\/p>\n","protected":false},"author":4,"featured_media":43172,"comment_status":"open","ping_status":"closed","sticky":false,"template":"","format":"standard","meta":{"om_disable_all_campaigns":false,"_jetpack_memberships_contains_paid_content":false,"footnotes":""},"categories":[2,103],"tags":[],"class_list":["post-43163","post","type-post","status-publish","format-standard","has-post-thumbnail","hentry","category-locales","category-policiales-locales"],"aioseo_notices":[],"gutentor_comment":0,"jetpack_featured_media_url":"https:\/\/eldiariodesanpedro.com.ar\/sitio\/wp-content\/uploads\/2018\/11\/PAGINA-3-DOS.jpeg","jetpack_shortlink":"https:\/\/wp.me\/p6RhLt-beb","jetpack_sharing_enabled":true,"_links":{"self":[{"href":"https:\/\/eldiariodesanpedro.com.ar\/sitio\/wp-json\/wp\/v2\/posts\/43163","targetHints":{"allow":["GET"]}}],"collection":[{"href":"https:\/\/eldiariodesanpedro.com.ar\/sitio\/wp-json\/wp\/v2\/posts"}],"about":[{"href":"https:\/\/eldiariodesanpedro.com.ar\/sitio\/wp-json\/wp\/v2\/types\/post"}],"author":[{"embeddable":true,"href":"https:\/\/eldiariodesanpedro.com.ar\/sitio\/wp-json\/wp\/v2\/users\/4"}],"replies":[{"embeddable":true,"href":"https:\/\/eldiariodesanpedro.com.ar\/sitio\/wp-json\/wp\/v2\/comments?post=43163"}],"version-history":[{"count":1,"href":"https:\/\/eldiariodesanpedro.com.ar\/sitio\/wp-json\/wp\/v2\/posts\/43163\/revisions"}],"predecessor-version":[{"id":43173,"href":"https:\/\/eldiariodesanpedro.com.ar\/sitio\/wp-json\/wp\/v2\/posts\/43163\/revisions\/43173"}],"wp:featuredmedia":[{"embeddable":true,"href":"https:\/\/eldiariodesanpedro.com.ar\/sitio\/wp-json\/wp\/v2\/media\/43172"}],"wp:attachment":[{"href":"https:\/\/eldiariodesanpedro.com.ar\/sitio\/wp-json\/wp\/v2\/media?parent=43163"}],"wp:term":[{"taxonomy":"category","embeddable":true,"href":"https:\/\/eldiariodesanpedro.com.ar\/sitio\/wp-json\/wp\/v2\/categories?post=43163"},{"taxonomy":"post_tag","embeddable":true,"href":"https:\/\/eldiariodesanpedro.com.ar\/sitio\/wp-json\/wp\/v2\/tags?post=43163"}],"curies":[{"name":"wp","href":"https:\/\/api.w.org\/{rel}","templated":true}]}}