{"id":43161,"date":"2018-11-07T21:06:24","date_gmt":"2018-11-08T00:06:24","guid":{"rendered":"https:\/\/eldiariodesanpedro.com.ar\/sitio\/?p=43161"},"modified":"2018-11-07T21:06:24","modified_gmt":"2018-11-08T00:06:24","slug":"dos-hechos-de-hurto-y-amenazas-de-muerte","status":"publish","type":"post","link":"https:\/\/eldiariodesanpedro.com.ar\/sitio\/dos-hechos-de-hurto-y-amenazas-de-muerte\/","title":{"rendered":"Dos hechos de hurto y amenazas de muerte"},"content":{"rendered":"<p><!-- VideographyWP Plugin Message: Automatic video embedding prevented by plugin options. --><br \/>\nDurante la tarde del martes distintos hechos de hurto y amenazas fueron denunciados en la Comisar\u00eda local. <\/p>\n<p><strong>Robo en Jard\u00edn de Infantes<\/strong><br \/>\n  La puerta principal del Jard\u00edn de Infantes de la Escuela N\u00b0 18 fue violentada.<br \/>\n  La Directora del Jard\u00edn N\u00b0918 ubicado en calle Estrada, cont\u00f3 que al presentarse personal auxiliar a cumplir su labor diaria, constat\u00f3 que malvivientes ignorados hab\u00edan violentado la puerta principal del lugar sin poder ingresar al establecimiento.<\/p>\n<p><strong>Robo de objetos personales <\/strong><br \/>\n  Un joven de 22 a\u00f1os constat\u00f3 que le faltaban efectos personales de su lugar de trabajo.<br \/>\n  Al terminar su jornada laboral en una empresa de la zona rural, en el sector del vestuario el joven constat\u00f3 el faltante de un celular y otros efectos personales del interior de su casillero.<\/p>\n<p><strong>Amenazas de muerte<\/strong><br \/>\n Una mujer denunci\u00f3 que la amenazaron de muerte.<br \/>\n  Una joven de 23 a\u00f1os asent\u00f3 en la Comisar\u00eda que, cuando se encontraba en su domicilio ubicado sobre calle Bottaro al 2500, se presentaron dos mujeres que la insultaron y le profieren amenazas de muerte.<\/p>\n<p>  Todos los casos son investigados por la Fiscal\u00eda en turno de San Pedro.<\/p>\n","protected":false},"excerpt":{"rendered":"<p>Durante la tarde del martes distintos hechos de hurto y amenazas fueron denunciados en la Comisar\u00eda local. Robo en Jard\u00edn de Infantes La puerta principal del Jard\u00edn de Infantes de la Escuela N\u00b0 18 fue violentada. La Directora del Jard\u00edn N\u00b0918 ubicado en calle Estrada, cont\u00f3 que al presentarse personal auxiliar a cumplir su labor [&hellip;]<\/p>\n","protected":false},"author":4,"featured_media":32724,"comment_status":"open","ping_status":"closed","sticky":false,"template":"","format":"standard","meta":{"om_disable_all_campaigns":false,"_jetpack_memberships_contains_paid_content":false,"footnotes":""},"categories":[2,103],"tags":[],"class_list":["post-43161","post","type-post","status-publish","format-standard","has-post-thumbnail","hentry","category-locales","category-policiales-locales"],"aioseo_notices":[],"gutentor_comment":0,"jetpack_featured_media_url":"https:\/\/eldiariodesanpedro.com.ar\/sitio\/wp-content\/uploads\/2018\/05\/La-Polic\u00eda-asisti\u00f3-al-domicilio.jpeg","jetpack_shortlink":"https:\/\/wp.me\/p6RhLt-be9","jetpack_sharing_enabled":true,"_links":{"self":[{"href":"https:\/\/eldiariodesanpedro.com.ar\/sitio\/wp-json\/wp\/v2\/posts\/43161","targetHints":{"allow":["GET"]}}],"collection":[{"href":"https:\/\/eldiariodesanpedro.com.ar\/sitio\/wp-json\/wp\/v2\/posts"}],"about":[{"href":"https:\/\/eldiariodesanpedro.com.ar\/sitio\/wp-json\/wp\/v2\/types\/post"}],"author":[{"embeddable":true,"href":"https:\/\/eldiariodesanpedro.com.ar\/sitio\/wp-json\/wp\/v2\/users\/4"}],"replies":[{"embeddable":true,"href":"https:\/\/eldiariodesanpedro.com.ar\/sitio\/wp-json\/wp\/v2\/comments?post=43161"}],"version-history":[{"count":1,"href":"https:\/\/eldiariodesanpedro.com.ar\/sitio\/wp-json\/wp\/v2\/posts\/43161\/revisions"}],"predecessor-version":[{"id":43166,"href":"https:\/\/eldiariodesanpedro.com.ar\/sitio\/wp-json\/wp\/v2\/posts\/43161\/revisions\/43166"}],"wp:featuredmedia":[{"embeddable":true,"href":"https:\/\/eldiariodesanpedro.com.ar\/sitio\/wp-json\/wp\/v2\/media\/32724"}],"wp:attachment":[{"href":"https:\/\/eldiariodesanpedro.com.ar\/sitio\/wp-json\/wp\/v2\/media?parent=43161"}],"wp:term":[{"taxonomy":"category","embeddable":true,"href":"https:\/\/eldiariodesanpedro.com.ar\/sitio\/wp-json\/wp\/v2\/categories?post=43161"},{"taxonomy":"post_tag","embeddable":true,"href":"https:\/\/eldiariodesanpedro.com.ar\/sitio\/wp-json\/wp\/v2\/tags?post=43161"}],"curies":[{"name":"wp","href":"https:\/\/api.w.org\/{rel}","templated":true}]}}