{"id":43157,"date":"2018-11-07T21:05:44","date_gmt":"2018-11-08T00:05:44","guid":{"rendered":"https:\/\/eldiariodesanpedro.com.ar\/sitio\/?p=43157"},"modified":"2018-11-07T21:05:44","modified_gmt":"2018-11-08T00:05:44","slug":"arando-su-campo-encuentra-una-bola-de-boleadora","status":"publish","type":"post","link":"https:\/\/eldiariodesanpedro.com.ar\/sitio\/arando-su-campo-encuentra-una-bola-de-boleadora\/","title":{"rendered":"Arando su campo encuentra una bola de boleadora"},"content":{"rendered":"<p><!-- VideographyWP Plugin Message: Automatic video embedding prevented by plugin options. --><br \/>\n  Mientras araba su campo con la reja del arado cortando a unos 30 cent\u00edmetros de profundidad, Eladio Mart\u00ednez observ\u00f3 que su herramienta hab\u00eda levantado una peque\u00f1a pelota de piedra gris. Dura, compacta, sin marca alguna. Una esfera de roca casi perfecta.<br \/>\n  De inmediato asoci\u00f3 la pieza a los antiguos pueblos que habitaron la zona y pens\u00f3 que ese objeto pod\u00eda tener un inter\u00e9s cultural y, por lo tanto, deb\u00eda ser preservado.<br \/>\n  A los pocos d\u00edas se acerc\u00f3 al Museo Paleontol\u00f3gico de San Pedro para mostrar su hallazgo.<br \/>\n  Efectivamente, la roca esf\u00e9rica extra\u00edda en el campo del Sr. Mart\u00ednez, ubicado sobre ruta 191, cerca de la conocida \u00abcurva de la muerte\u00bb, es una bola de boleadora construida de granito, piedra inexistente en nuestra zona.<br \/>\n  Estas bolas, que se suelen encontrar en los campos de la provincia, fueron utilizadas como armas de cacer\u00eda por las etnias que poblaban la llanura. Est\u00e1n esculpidas en rocas duras provenientes, principalmente, de las serran\u00edas de la zona de Tandil y Sierra de la Ventana. Tambi\u00e9n de la zona de isla Mart\u00edn Garc\u00eda. En el intercambio comercial existente con las tribus locales, estas bolas eran canjeadas por alimentos, cueros, alfarer\u00eda, etc.<br \/>\n  Algunas poseen una ranura en el medio de la esfera rocosa para atar los listones de cuero con los que se armaban las boleadoras, pero este no es el caso. Esta bola es lisa por lo que, seguramente, era envuelta un trozo de cuero que se ataba a las tiras y as\u00ed quedaba armada la boleadora.<br \/>\n  Era frecuente que quedaran extraviadas luego de una cacer\u00eda.<\/p>\n","protected":false},"excerpt":{"rendered":"<p>Mientras araba su campo con la reja del arado cortando a unos 30 cent\u00edmetros de profundidad, Eladio Mart\u00ednez observ\u00f3 que su herramienta hab\u00eda levantado una peque\u00f1a pelota de piedra gris. Dura, compacta, sin marca alguna. Una esfera de roca casi perfecta. De inmediato asoci\u00f3 la pieza a los antiguos pueblos que habitaron la zona y [&hellip;]<\/p>\n","protected":false},"author":4,"featured_media":43162,"comment_status":"open","ping_status":"closed","sticky":false,"template":"","format":"standard","meta":{"om_disable_all_campaigns":false,"_jetpack_memberships_contains_paid_content":false,"footnotes":""},"categories":[101,2],"tags":[],"class_list":["post-43157","post","type-post","status-publish","format-standard","has-post-thumbnail","hentry","category-interes-general-locales","category-locales"],"aioseo_notices":[],"gutentor_comment":0,"jetpack_featured_media_url":"https:\/\/eldiariodesanpedro.com.ar\/sitio\/wp-content\/uploads\/2018\/11\/PAGINA-3-1.jpg","jetpack_shortlink":"https:\/\/wp.me\/p6RhLt-be5","jetpack_sharing_enabled":true,"_links":{"self":[{"href":"https:\/\/eldiariodesanpedro.com.ar\/sitio\/wp-json\/wp\/v2\/posts\/43157","targetHints":{"allow":["GET"]}}],"collection":[{"href":"https:\/\/eldiariodesanpedro.com.ar\/sitio\/wp-json\/wp\/v2\/posts"}],"about":[{"href":"https:\/\/eldiariodesanpedro.com.ar\/sitio\/wp-json\/wp\/v2\/types\/post"}],"author":[{"embeddable":true,"href":"https:\/\/eldiariodesanpedro.com.ar\/sitio\/wp-json\/wp\/v2\/users\/4"}],"replies":[{"embeddable":true,"href":"https:\/\/eldiariodesanpedro.com.ar\/sitio\/wp-json\/wp\/v2\/comments?post=43157"}],"version-history":[{"count":1,"href":"https:\/\/eldiariodesanpedro.com.ar\/sitio\/wp-json\/wp\/v2\/posts\/43157\/revisions"}],"predecessor-version":[{"id":43164,"href":"https:\/\/eldiariodesanpedro.com.ar\/sitio\/wp-json\/wp\/v2\/posts\/43157\/revisions\/43164"}],"wp:featuredmedia":[{"embeddable":true,"href":"https:\/\/eldiariodesanpedro.com.ar\/sitio\/wp-json\/wp\/v2\/media\/43162"}],"wp:attachment":[{"href":"https:\/\/eldiariodesanpedro.com.ar\/sitio\/wp-json\/wp\/v2\/media?parent=43157"}],"wp:term":[{"taxonomy":"category","embeddable":true,"href":"https:\/\/eldiariodesanpedro.com.ar\/sitio\/wp-json\/wp\/v2\/categories?post=43157"},{"taxonomy":"post_tag","embeddable":true,"href":"https:\/\/eldiariodesanpedro.com.ar\/sitio\/wp-json\/wp\/v2\/tags?post=43157"}],"curies":[{"name":"wp","href":"https:\/\/api.w.org\/{rel}","templated":true}]}}