{"id":43154,"date":"2018-11-07T20:50:18","date_gmt":"2018-11-07T23:50:18","guid":{"rendered":"https:\/\/eldiariodesanpedro.com.ar\/sitio\/?p=43154"},"modified":"2026-01-24T00:09:08","modified_gmt":"2026-01-24T03:09:08","slug":"ciclismo-manzo-tercero-en-mercedes","status":"publish","type":"post","link":"https:\/\/eldiariodesanpedro.com.ar\/sitio\/ciclismo-manzo-tercero-en-mercedes\/","title":{"rendered":"CICLISMO: Manzo tercero en Mercedes"},"content":{"rendered":"<p><!-- VideographyWP Plugin Message: Automatic video embedding prevented by plugin options. --><br \/>\nSe realiz\u00f3 en un trazado callejero de la avenida 40 de la Ciudad de Mercedes la 97\u00b0 edici\u00f3n del Criterium de Apertura, organizado por el Club Ciclista Naci\u00f3n, fiscalizaci\u00f3n de la Asociaci\u00f3n Metropolitana de Ciclismo, y el auspicio del gobierno de la ciudad de Mercedes.<\/p>\n<p>En la prueba para Elite \u2013 Sub 23 y Junior donde fueron de la partida 142 pedalistas que sumaban puntos para el ranking de la Doble Bragado 2019, sobre 42 vueltas de carrera, para totalizar aproximadamente 107 km. Mariano Manzo de brillante participaci\u00f3n, el sampedrino, fue tercero en su categor\u00eda<\/p>\n<p><em>Sub 23<\/em><br \/>\n1\u00b0 Federico Vivas (SAT \u2013 Saladillo)<br \/>\n2\u00b0 Nahuel D\u2019Aquila (Mirasal)<br \/>\n3\u00b0 Mariano Manzo \u2013 (Transporte El Sol \u2013Nueve de julio \u2013 San Pedro)<\/p>\n","protected":false},"excerpt":{"rendered":"<p>Se realiz\u00f3 en un trazado callejero de la avenida 40 de la Ciudad de Mercedes la 97\u00b0 edici\u00f3n del Criterium de Apertura, organizado por el Club Ciclista Naci\u00f3n, fiscalizaci\u00f3n de la Asociaci\u00f3n Metropolitana de Ciclismo, y el auspicio del gobierno de la ciudad de Mercedes. En la prueba para Elite \u2013 Sub 23 y Junior [&hellip;]<\/p>\n","protected":false},"author":4,"featured_media":10379,"comment_status":"open","ping_status":"closed","sticky":false,"template":"","format":"standard","meta":{"om_disable_all_campaigns":false,"_jetpack_memberships_contains_paid_content":false,"footnotes":""},"categories":[5],"tags":[],"class_list":["post-43154","post","type-post","status-publish","format-standard","has-post-thumbnail","hentry","category-deportes"],"aioseo_notices":[],"gutentor_comment":0,"jetpack_featured_media_url":"https:\/\/eldiariodesanpedro.com.ar\/sitio\/wp-content\/uploads\/2016\/11\/ciclismo.jpg","jetpack_shortlink":"https:\/\/wp.me\/p6RhLt-be2","jetpack_sharing_enabled":true,"_links":{"self":[{"href":"https:\/\/eldiariodesanpedro.com.ar\/sitio\/wp-json\/wp\/v2\/posts\/43154","targetHints":{"allow":["GET"]}}],"collection":[{"href":"https:\/\/eldiariodesanpedro.com.ar\/sitio\/wp-json\/wp\/v2\/posts"}],"about":[{"href":"https:\/\/eldiariodesanpedro.com.ar\/sitio\/wp-json\/wp\/v2\/types\/post"}],"author":[{"embeddable":true,"href":"https:\/\/eldiariodesanpedro.com.ar\/sitio\/wp-json\/wp\/v2\/users\/4"}],"replies":[{"embeddable":true,"href":"https:\/\/eldiariodesanpedro.com.ar\/sitio\/wp-json\/wp\/v2\/comments?post=43154"}],"version-history":[{"count":2,"href":"https:\/\/eldiariodesanpedro.com.ar\/sitio\/wp-json\/wp\/v2\/posts\/43154\/revisions"}],"predecessor-version":[{"id":43160,"href":"https:\/\/eldiariodesanpedro.com.ar\/sitio\/wp-json\/wp\/v2\/posts\/43154\/revisions\/43160"}],"wp:featuredmedia":[{"embeddable":true,"href":"https:\/\/eldiariodesanpedro.com.ar\/sitio\/wp-json\/wp\/v2\/media\/10379"}],"wp:attachment":[{"href":"https:\/\/eldiariodesanpedro.com.ar\/sitio\/wp-json\/wp\/v2\/media?parent=43154"}],"wp:term":[{"taxonomy":"category","embeddable":true,"href":"https:\/\/eldiariodesanpedro.com.ar\/sitio\/wp-json\/wp\/v2\/categories?post=43154"},{"taxonomy":"post_tag","embeddable":true,"href":"https:\/\/eldiariodesanpedro.com.ar\/sitio\/wp-json\/wp\/v2\/tags?post=43154"}],"curies":[{"name":"wp","href":"https:\/\/api.w.org\/{rel}","templated":true}]}}