{"id":43153,"date":"2018-11-07T20:49:51","date_gmt":"2018-11-07T23:49:51","guid":{"rendered":"https:\/\/eldiariodesanpedro.com.ar\/sitio\/?p=43153"},"modified":"2026-01-24T00:09:08","modified_gmt":"2026-01-24T03:09:08","slug":"perla-deportiva-el-17-de-diciembre-en-el-club-la-esperanza","status":"publish","type":"post","link":"https:\/\/eldiariodesanpedro.com.ar\/sitio\/perla-deportiva-el-17-de-diciembre-en-el-club-la-esperanza\/","title":{"rendered":"PERLA DEPORTIVA: El 17 de diciembre en el Club La Esperanza"},"content":{"rendered":"<p><!-- VideographyWP Plugin Message: Automatic video embedding prevented by plugin options. --><br \/>\nLa pr\u00f3xima fiesta del deporte sampedrino est\u00e1 en plena organizaci\u00f3n y ya tiene fecha y lugar de realizaci\u00f3n: el lunes 17 de diciembre en el gimnasio del Club La Esperanza.<\/p>\n<p>La 21\u00b0 edici\u00f3n de la entrega Perla Deportiva que organiza el C\u00edrculo de Periodistas Deportivos de San Pedro est\u00e1 en camino y a medida que se acerque la fecha seguramente ira en aumento la expectativa por conocer a los m\u00e1s destacados de las disciplinas que se practicaron en nuestra ciudad en la presente temporada. La entrada es libre y gratuita.<\/p>\n<p>La fiesta del deporte naci\u00f3 en el a\u00f1o 1989 con la entrega de la \u201cPerla deportiva\u201d a Sergio Solmi, quien se hab\u00eda consagrado campe\u00f3n de la Formula Renault Argentina. Julio Alsogaray es el \u00fanico en 20 ediciones que lo gan\u00f3 en dos oportunidades. El listado completo de deportistas del a\u00f1o es el siguiente:<\/p>\n<p>1989: Sergio Solmi (Automovilismo)<br \/>\n1990: Joaqu\u00edn Barre (Yachting)<br \/>\n1991 y 1995: Fernando Ortiz (Canotaje)<br \/>\n1992: Soledad Galarza (Atletismo)<br \/>\n1993: Mar\u00eda Noel Muntan\u00e9 (Tenis)<br \/>\n1994: 1ra div. V\u00f3ley Club N\u00e1utico San Pedro<br \/>\n1996: Lucas Manuel Contreras (Canotaje)<br \/>\n2005: Carlos Antonio Giuliani (Ciclismo)<br \/>\n2006: Los Bigua (Tiro Federal, Rugby)<br \/>\n2007: Nahuel Cabrera (Ajedrez)<br \/>\n2008: Juan Pablo Villarruel (Ciclismo)<br \/>\n2009: Eduardo B\u00e1ez Corradi (F\u00fatbol)<br \/>\n2010: Dami\u00e1n Gallina (Triatl\u00f3n)<br \/>\n2011: 1ra div. Club Mitre<br \/>\n2012: Francisco Porta (Nataci\u00f3n)<br \/>\n2013: Franco Amigo (B\u00e1squet)<br \/>\n2014: Agostina Cappelletti (Canotaje)<br \/>\n2015: Brenda Rojas (Canotaje)<br \/>\n2016: Julio Alsogaray (Yachting)<br \/>\n2017: Julio Alsogaray (Yachting)<\/p>\n","protected":false},"excerpt":{"rendered":"<p>La pr\u00f3xima fiesta del deporte sampedrino est\u00e1 en plena organizaci\u00f3n y ya tiene fecha y lugar de realizaci\u00f3n: el lunes 17 de diciembre en el gimnasio del Club La Esperanza. La 21\u00b0 edici\u00f3n de la entrega Perla Deportiva que organiza el C\u00edrculo de Periodistas Deportivos de San Pedro est\u00e1 en camino y a medida que [&hellip;]<\/p>\n","protected":false},"author":4,"featured_media":1415,"comment_status":"open","ping_status":"closed","sticky":false,"template":"","format":"standard","meta":{"om_disable_all_campaigns":false,"_jetpack_memberships_contains_paid_content":false,"footnotes":""},"categories":[5],"tags":[],"class_list":["post-43153","post","type-post","status-publish","format-standard","has-post-thumbnail","hentry","category-deportes"],"aioseo_notices":[],"gutentor_comment":0,"jetpack_featured_media_url":"https:\/\/eldiariodesanpedro.com.ar\/sitio\/wp-content\/uploads\/2015\/12\/perla-deportiva.jpg","jetpack_shortlink":"https:\/\/wp.me\/p6RhLt-be1","jetpack_sharing_enabled":true,"_links":{"self":[{"href":"https:\/\/eldiariodesanpedro.com.ar\/sitio\/wp-json\/wp\/v2\/posts\/43153","targetHints":{"allow":["GET"]}}],"collection":[{"href":"https:\/\/eldiariodesanpedro.com.ar\/sitio\/wp-json\/wp\/v2\/posts"}],"about":[{"href":"https:\/\/eldiariodesanpedro.com.ar\/sitio\/wp-json\/wp\/v2\/types\/post"}],"author":[{"embeddable":true,"href":"https:\/\/eldiariodesanpedro.com.ar\/sitio\/wp-json\/wp\/v2\/users\/4"}],"replies":[{"embeddable":true,"href":"https:\/\/eldiariodesanpedro.com.ar\/sitio\/wp-json\/wp\/v2\/comments?post=43153"}],"version-history":[{"count":2,"href":"https:\/\/eldiariodesanpedro.com.ar\/sitio\/wp-json\/wp\/v2\/posts\/43153\/revisions"}],"predecessor-version":[{"id":43159,"href":"https:\/\/eldiariodesanpedro.com.ar\/sitio\/wp-json\/wp\/v2\/posts\/43153\/revisions\/43159"}],"wp:featuredmedia":[{"embeddable":true,"href":"https:\/\/eldiariodesanpedro.com.ar\/sitio\/wp-json\/wp\/v2\/media\/1415"}],"wp:attachment":[{"href":"https:\/\/eldiariodesanpedro.com.ar\/sitio\/wp-json\/wp\/v2\/media?parent=43153"}],"wp:term":[{"taxonomy":"category","embeddable":true,"href":"https:\/\/eldiariodesanpedro.com.ar\/sitio\/wp-json\/wp\/v2\/categories?post=43153"},{"taxonomy":"post_tag","embeddable":true,"href":"https:\/\/eldiariodesanpedro.com.ar\/sitio\/wp-json\/wp\/v2\/tags?post=43153"}],"curies":[{"name":"wp","href":"https:\/\/api.w.org\/{rel}","templated":true}]}}