{"id":43152,"date":"2018-11-07T20:48:44","date_gmt":"2018-11-07T23:48:44","guid":{"rendered":"https:\/\/eldiariodesanpedro.com.ar\/sitio\/?p=43152"},"modified":"2026-01-24T00:09:08","modified_gmt":"2026-01-24T03:09:08","slug":"natacion-medallas-en-el-provincial-que-se-llevo-a-cavo-en-miramar","status":"publish","type":"post","link":"https:\/\/eldiariodesanpedro.com.ar\/sitio\/natacion-medallas-en-el-provincial-que-se-llevo-a-cavo-en-miramar\/","title":{"rendered":"NATACI\u00d3N: Medallas en el \u2018Provincial\u2019 que se llev\u00f3 a cabo en Miramar"},"content":{"rendered":"<p><!-- VideographyWP Plugin Message: Automatic video embedding prevented by plugin options. --><br \/>\n  Dos delegaciones de nadadores nos representaron en el Provincial que se llev\u00f3 a cabo en el natatorio Municipal de Miramar organizado por la Federaci\u00f3n Buenos Aires Sur (Fenbas). Candela Raviola 2 y Juli\u00e1n Mariani 3\u00b0, Ana Yeri 3\u00b0, Pedro Adrover 3\u00b0, Bruno Giles 3\u00b0 y Antonio \u00c1lvarez 2\u00b0 y 3\u00b0. <\/p>\n<p><em>  Los deportistas que viajaron son:<\/em><br \/>\nLola Ram\u00edrez, Candela Raviola (2\u00b0), Abril Guti\u00e9rrez, Violeta Comment, Berenice Cisneros, Estefan\u00eda Mart\u00ednez, Huilen Leiva, Genaro V\u00e1zquez, Juli\u00e1n Mariani, Zuahir L\u00f3pez y Gast\u00f3n Antelo (club Pescadores).  <\/p>\n<p>Milena Franzoia, Agust\u00edn Zelaschi, Naiqu\u00e9n Taurizano, Martina Dalix Riera, Melina Arias, Bruno Giles, Catalina Silicani, Denise Arias, Valent\u00edn Melgar, Pedro Adrover, Nazareno Molina, Anael Yeri, Antonio \u00c1lvarez, Emiliano Molina, Micaela Su\u00e1rez D\u00edaz y Manuel Rivero (Club N\u00e1utico San Pedro).<\/p>\n<p><strong><em>Importante delegaci\u00f3n de Pecadores estar\u00e1 en Brasil<\/em><\/strong><br \/>\nFederaci\u00f3n de Aficionados de Nataci\u00f3n del Norte de la Provincia de Buenos Airesm(F.A.N.N.B.A.), Tambi\u00e9n habr\u00e1 competidores del club N\u00e1utico (en breve actualizamos)<\/p>\n<p>Campeonato Paulista Juvenil De Ver\u00e3o \u2013 2018 XX Trof\u00e9u Ronaldo de Souza Passos, para las categor\u00edas Cadetes 2 (2003) y Juvenil 1 (2002), que tendr\u00e1 lugar en el Itaguar\u00e1 Country Clube &#8211; pileta de 25Mts &#8211; Guaratinguet\u00e1 estado de San Pablo &#8211; Brasil, del 15 a 17\/11\/2018.<\/p>\n<p>Viaja a Brasil Sofia Zabaleta quien competir\u00e1 en pileta de 25mts en el campeonato Paulista.<\/p>\n<p>Campeonato Paulista Junior E S\u00eanior De Ver\u00e3o \u2013 2018 XX Trof\u00e9u Alberto Mart\u00edn P\u00e8rez, para las categor\u00edas Juvenil 2 (2001-2000), Junior (1999-1997) y Mayor (1996 en adelante), que tendr\u00e1 lugar en el Esporte Clube Pinheiros &#8211; pileta de 50mts -mS\u00e3o Paulo &#8211; estado de San Pablo &#8211; Brasil, del 23 a 25\/11\/2018.<\/p>\n<p>En pileta de 50 mts lo har\u00e1n Carolina Falco y Maximiliano Rosello.<\/p>\n<p>Campeonato Paulista Petiz De Ver\u00e3o &#8211; 2018 XXVI Trof\u00e9u Jos\u00e9 do Carmo Neves &#8211; \u201cZequinha\u201d, para las categor\u00edas Infantil 2 (2007) y Menores 1 (2006), que tendr\u00e1 lugar en Arena Abda &#8211; pileta de 50 mts -Bauru estado de San Pablo &#8211; Brasil, del 30\/11 al 02\/12.<br \/>\nEn pileta de 50 mts Juli\u00e1n Mariani y Candela Raviola.<\/p>\n<p>Campeonato Paulista Infantil De Ver\u00e3o \u2013 2018 XVI Trof\u00e9u Major Sylvio De Magalh\u00e3es Padilha, para las categor\u00edas Menor 2 (2005) y Cadetes 1 (2004), que tendr\u00e1 lugar en el Itaguar\u00e1 Country Clube &#8211; pileta de 25mts &#8211; Guaratinguet\u00e1 estado de San Pablo \u2013 Brasil, del 07 a 09\/12\/2018.<\/p>\n<p>Valentina Noto en pileta de 25mts.<\/p>\n","protected":false},"excerpt":{"rendered":"<p>Dos delegaciones de nadadores nos representaron en el Provincial que se llev\u00f3 a cabo en el natatorio Municipal de Miramar organizado por la Federaci\u00f3n Buenos Aires Sur (Fenbas). Candela Raviola 2 y Juli\u00e1n Mariani 3\u00b0, Ana Yeri 3\u00b0, Pedro Adrover 3\u00b0, Bruno Giles 3\u00b0 y Antonio \u00c1lvarez 2\u00b0 y 3\u00b0. Los deportistas que viajaron son: [&hellip;]<\/p>\n","protected":false},"author":4,"featured_media":32612,"comment_status":"open","ping_status":"closed","sticky":false,"template":"","format":"standard","meta":{"om_disable_all_campaigns":false,"_jetpack_memberships_contains_paid_content":false,"footnotes":""},"categories":[5],"tags":[],"class_list":["post-43152","post","type-post","status-publish","format-standard","has-post-thumbnail","hentry","category-deportes"],"aioseo_notices":[],"gutentor_comment":0,"jetpack_featured_media_url":"https:\/\/eldiariodesanpedro.com.ar\/sitio\/wp-content\/uploads\/2018\/05\/Natacion-fannba.jpg","jetpack_shortlink":"https:\/\/wp.me\/p6RhLt-be0","jetpack_sharing_enabled":true,"_links":{"self":[{"href":"https:\/\/eldiariodesanpedro.com.ar\/sitio\/wp-json\/wp\/v2\/posts\/43152","targetHints":{"allow":["GET"]}}],"collection":[{"href":"https:\/\/eldiariodesanpedro.com.ar\/sitio\/wp-json\/wp\/v2\/posts"}],"about":[{"href":"https:\/\/eldiariodesanpedro.com.ar\/sitio\/wp-json\/wp\/v2\/types\/post"}],"author":[{"embeddable":true,"href":"https:\/\/eldiariodesanpedro.com.ar\/sitio\/wp-json\/wp\/v2\/users\/4"}],"replies":[{"embeddable":true,"href":"https:\/\/eldiariodesanpedro.com.ar\/sitio\/wp-json\/wp\/v2\/comments?post=43152"}],"version-history":[{"count":2,"href":"https:\/\/eldiariodesanpedro.com.ar\/sitio\/wp-json\/wp\/v2\/posts\/43152\/revisions"}],"predecessor-version":[{"id":43171,"href":"https:\/\/eldiariodesanpedro.com.ar\/sitio\/wp-json\/wp\/v2\/posts\/43152\/revisions\/43171"}],"wp:featuredmedia":[{"embeddable":true,"href":"https:\/\/eldiariodesanpedro.com.ar\/sitio\/wp-json\/wp\/v2\/media\/32612"}],"wp:attachment":[{"href":"https:\/\/eldiariodesanpedro.com.ar\/sitio\/wp-json\/wp\/v2\/media?parent=43152"}],"wp:term":[{"taxonomy":"category","embeddable":true,"href":"https:\/\/eldiariodesanpedro.com.ar\/sitio\/wp-json\/wp\/v2\/categories?post=43152"},{"taxonomy":"post_tag","embeddable":true,"href":"https:\/\/eldiariodesanpedro.com.ar\/sitio\/wp-json\/wp\/v2\/tags?post=43152"}],"curies":[{"name":"wp","href":"https:\/\/api.w.org\/{rel}","templated":true}]}}