{"id":43148,"date":"2018-11-07T11:16:41","date_gmt":"2018-11-07T14:16:41","guid":{"rendered":"https:\/\/eldiariodesanpedro.com.ar\/sitio\/?p=43148"},"modified":"2018-11-07T11:16:41","modified_gmt":"2018-11-07T14:16:41","slug":"profesora-de-plastica-acusada-de-maltratar-fisico-y-psicologicamente-a-alumnos-de-la-escuela-primaria-no6","status":"publish","type":"post","link":"https:\/\/eldiariodesanpedro.com.ar\/sitio\/profesora-de-plastica-acusada-de-maltratar-fisico-y-psicologicamente-a-alumnos-de-la-escuela-primaria-no6\/","title":{"rendered":"Profesora de Plastica acusada de maltratar fisico y psicologicamente a alumnos de la escuela primaria N\u00ba6"},"content":{"rendered":"<p><!-- VideographyWP Plugin Message: Automatic video embedding prevented by plugin options. --><br \/>\nEn el dia de ayer se conoci\u00f3 p\u00fablicamente la denuncia en una red social de facebook de una mam\u00e1 que ped\u00eda la renuncia de una profesora de pl\u00e1stica de la escuela primaria N\u00ba6, que seg\u00fan los testimonios de sus hijos los maltrataba fisica y psicologicamente.<\/p>\n<p><iframe style=\"border: none; overflow: hidden;\" data-src=\"https:\/\/www.facebook.com\/plugins\/post.php?href=https%3A%2F%2Fwww.facebook.com%2Fnadiasr1%2Fposts%2F10214877164697348&amp;width=500\" width=\"500\" height=\"634\" frameborder=\"0\" scrolling=\"no\" src=\"data:image\/svg+xml;base64,PHN2ZyB3aWR0aD0iMSIgaGVpZ2h0PSIxIiB4bWxucz0iaHR0cDovL3d3dy53My5vcmcvMjAwMC9zdmciPjwvc3ZnPg==\" class=\"lazyload\" data-load-mode=\"1\"><\/iframe><\/p>\n<p>Esta ma\u00f1ana estuvimos en la puerta del establecimiento para tratar de entender y poder dialogar con alg\u00fan directivo o mam\u00e1 de los alumnos luego de esta fuerte acusaci\u00f3n.<\/p>\n<p>Fue as\u00ed como madres de los ni\u00f1os de quinto y sexto a\u00f1o del turno ma\u00f1ana se presentaron hoy en el establecimiento donde se reunieron con la directora y le informaron diferentes hechos de maltrato \u00abf\u00edsico y psicol\u00f3gico\u00bb de la profesora para con los chicos, y luego pudieron dialogar con los medios presentes que en principio dejaron en claro que la Directora no la iba dejar entrar m\u00e1s a la escuela \u00abyo misma me voy a parar en la entrada de la escalera de la escuela para que no entre\u00bb les asegur\u00f3.<\/p>\n<p>Una de las mamas nos dio su testimonio y tristemente nos contaba: \u00abtodos los nenes manifestaron lo mismo, que los ataba, que los maltrataba, a un nene le pas\u00f3 una situaci\u00f3n de acoso, lo segu\u00eda lo abrazaba y le dec\u00eda que lo acepte en facebook\u00bb<\/p>\n<p>A nuestra pregunta de como llegar a enterarse de esta terrible situaci\u00f3n respondi\u00f3: \u00abmi nena llega a mi casa exaltada y me empez\u00f3 a contar, mama yo sab\u00eda que a la se\u00f1o de pl\u00e1stica la iban a retar porque a los nenes le hac\u00eda lo mismo que a nosotros&#8230;,\u00a0 entonces la sent\u00e9 al lado mio y me puso a contar, luego mande un mensaje al grupo de mam\u00e1s y a todos les paso lo mismo, los ni\u00f1os empezaron a contar todo\u00bb<\/p>\n<p>Esta profesora seg\u00fan cuenta las mamas, desde principio de a\u00f1o que los ni\u00f1os est\u00e1n siendo maltratados, y aveces ellos no quer\u00edan venir a la escuela \u00abella les dec\u00eda que era un juego, hasta que se empezaron a asustar, porque empez\u00f3 hacer cosas extra\u00f1as como ponerle un hilo en el cuello a una nena y apretarla\u00bb<\/p>\n<p>La acusada no se present\u00f3 a trabajar en el establecimiento en el dia de hoy.<\/p>\n<p>Los directivos les garantizaron que no iba a ingresar y que no iba a estar en contacto con los chicos, \u00abhasta ahora las autoridades nos recibieron bien y nos aseguraron que no iba a entrar mas, nosotros no queremos verla en ningun lado dando clases, esta mujer no esta bien de la cabeza, tiene problemas serios mentales, con mi hija en particular en dos oportunidades diferentes la apret\u00f3 con el banco hasta la pared, la segunda vez le dijo basta se\u00f1o! ella la miro y se dio vuelta como si no hubiera pasado nada, los dibujos se los romp\u00eda si no le gustaba, les hacia un bollo y los tiraba al tacho de basura\u00bb.<\/p>\n<p>Al mismo tiempo, aseguraron que en caso de que no se avance en la investigaci\u00f3n ir\u00e1n \u00abpor otros caminos\u00bb.<\/p>\n<p><iframe style=\"border: none; overflow: hidden;\" data-src=\"https:\/\/www.facebook.com\/plugins\/video.php?href=https%3A%2F%2Fwww.facebook.com%2Feldiario.desanpedro%2Fvideos%2F600108217074705%2F&amp;show_text=0&amp;width=560\" width=\"560\" height=\"315\" frameborder=\"0\" scrolling=\"no\" allowfullscreen=\"allowfullscreen\" src=\"data:image\/svg+xml;base64,PHN2ZyB3aWR0aD0iMSIgaGVpZ2h0PSIxIiB4bWxucz0iaHR0cDovL3d3dy53My5vcmcvMjAwMC9zdmciPjwvc3ZnPg==\" class=\"lazyload\" data-load-mode=\"1\"><\/iframe><\/p>\n","protected":false},"excerpt":{"rendered":"<p>En el dia de ayer se conoci\u00f3 p\u00fablicamente la denuncia en una red social de facebook de una mam\u00e1 que ped\u00eda la renuncia de una profesora de pl\u00e1stica de la escuela primaria N\u00ba6, que seg\u00fan los testimonios de sus hijos los maltrataba fisica y psicologicamente. Esta ma\u00f1ana estuvimos en la puerta del establecimiento para tratar [&hellip;]<\/p>\n","protected":false},"author":4,"featured_media":43149,"comment_status":"open","ping_status":"closed","sticky":false,"template":"","format":"standard","meta":{"om_disable_all_campaigns":false,"_jetpack_memberships_contains_paid_content":false,"footnotes":""},"categories":[50,101,2],"tags":[],"class_list":["post-43148","post","type-post","status-publish","format-standard","has-post-thumbnail","hentry","category-destacadas","category-interes-general-locales","category-locales"],"aioseo_notices":[],"gutentor_comment":0,"jetpack_featured_media_url":"https:\/\/eldiariodesanpedro.com.ar\/sitio\/wp-content\/uploads\/2018\/11\/45756907_285287742110999_4773099664029253632_n.png","jetpack_shortlink":"https:\/\/wp.me\/p6RhLt-bdW","jetpack_sharing_enabled":true,"_links":{"self":[{"href":"https:\/\/eldiariodesanpedro.com.ar\/sitio\/wp-json\/wp\/v2\/posts\/43148","targetHints":{"allow":["GET"]}}],"collection":[{"href":"https:\/\/eldiariodesanpedro.com.ar\/sitio\/wp-json\/wp\/v2\/posts"}],"about":[{"href":"https:\/\/eldiariodesanpedro.com.ar\/sitio\/wp-json\/wp\/v2\/types\/post"}],"author":[{"embeddable":true,"href":"https:\/\/eldiariodesanpedro.com.ar\/sitio\/wp-json\/wp\/v2\/users\/4"}],"replies":[{"embeddable":true,"href":"https:\/\/eldiariodesanpedro.com.ar\/sitio\/wp-json\/wp\/v2\/comments?post=43148"}],"version-history":[{"count":1,"href":"https:\/\/eldiariodesanpedro.com.ar\/sitio\/wp-json\/wp\/v2\/posts\/43148\/revisions"}],"predecessor-version":[{"id":43150,"href":"https:\/\/eldiariodesanpedro.com.ar\/sitio\/wp-json\/wp\/v2\/posts\/43148\/revisions\/43150"}],"wp:featuredmedia":[{"embeddable":true,"href":"https:\/\/eldiariodesanpedro.com.ar\/sitio\/wp-json\/wp\/v2\/media\/43149"}],"wp:attachment":[{"href":"https:\/\/eldiariodesanpedro.com.ar\/sitio\/wp-json\/wp\/v2\/media?parent=43148"}],"wp:term":[{"taxonomy":"category","embeddable":true,"href":"https:\/\/eldiariodesanpedro.com.ar\/sitio\/wp-json\/wp\/v2\/categories?post=43148"},{"taxonomy":"post_tag","embeddable":true,"href":"https:\/\/eldiariodesanpedro.com.ar\/sitio\/wp-json\/wp\/v2\/tags?post=43148"}],"curies":[{"name":"wp","href":"https:\/\/api.w.org\/{rel}","templated":true}]}}