{"id":43143,"date":"2018-11-07T09:23:19","date_gmt":"2018-11-07T12:23:19","guid":{"rendered":"https:\/\/eldiariodesanpedro.com.ar\/sitio\/?p=43143"},"modified":"2018-11-07T09:23:19","modified_gmt":"2018-11-07T12:23:19","slug":"dos-hechos-de-hurto-y-amenazas-presenta-el-parte-policial","status":"publish","type":"post","link":"https:\/\/eldiariodesanpedro.com.ar\/sitio\/dos-hechos-de-hurto-y-amenazas-presenta-el-parte-policial\/","title":{"rendered":"Dos hechos de hurto y amenazas presenta el parte policial"},"content":{"rendered":"<p><!-- VideographyWP Plugin Message: Automatic video embedding prevented by plugin options. --><br \/>\nEn la tarde del martes distintos hechos de hurto y amenazas fueron denunciados en la Dependencia Local. En un Jard\u00edn de Infantes violentaron la puerta principal, robaron objetos personales de un vestuario y y una mujer denuncio que la amenazaron de muerte.<\/p>\n<p>La Directora del Jard\u00edn  N\u00b0918 ubicado en calle Estrada, cont\u00f3 que al presentarse personal auxiliar a la labor diaria, constata que malvivientes ignorados violentaron puerta principal del lugar sin poder ingresar al establecimiento.<\/p>\n<p>Tambi\u00e9n un joven de 22 a\u00f1os de edad, al regresar a su trabajo en una empresa de la zona rural, en el sector de vestuario, constata el faltante del interior de su casillero, un celular  y otros efectos personales.<\/p>\n<p>Por \u00faltimo, unA joven de 23 a\u00f1os asent\u00f3 en la comisar\u00eda que cuando se encontraba en su domicilio de calle Bottaro al 2500, se hacen presentes otras femeninas que la insultan y le profieren amenazas de muerte.  <\/p>\n<p>Ambos casos son investigados por  la fiscal\u00eda en turno de San Pedro.<\/p>\n","protected":false},"excerpt":{"rendered":"<p>En la tarde del martes distintos hechos de hurto y amenazas fueron denunciados en la Dependencia Local. En un Jard\u00edn de Infantes violentaron la puerta principal, robaron objetos personales de un vestuario y y una mujer denuncio que la amenazaron de muerte. La Directora del Jard\u00edn N\u00b0918 ubicado en calle Estrada, cont\u00f3 que al presentarse [&hellip;]<\/p>\n","protected":false},"author":4,"featured_media":39230,"comment_status":"open","ping_status":"closed","sticky":false,"template":"","format":"standard","meta":{"om_disable_all_campaigns":false,"_jetpack_memberships_contains_paid_content":false,"footnotes":""},"categories":[50,2,103],"tags":[],"class_list":["post-43143","post","type-post","status-publish","format-standard","has-post-thumbnail","hentry","category-destacadas","category-locales","category-policiales-locales"],"aioseo_notices":[],"gutentor_comment":0,"jetpack_featured_media_url":"https:\/\/eldiariodesanpedro.com.ar\/sitio\/wp-content\/uploads\/2018\/08\/patrullero-policia_3.jpg","jetpack_shortlink":"https:\/\/wp.me\/p6RhLt-bdR","jetpack_sharing_enabled":true,"_links":{"self":[{"href":"https:\/\/eldiariodesanpedro.com.ar\/sitio\/wp-json\/wp\/v2\/posts\/43143","targetHints":{"allow":["GET"]}}],"collection":[{"href":"https:\/\/eldiariodesanpedro.com.ar\/sitio\/wp-json\/wp\/v2\/posts"}],"about":[{"href":"https:\/\/eldiariodesanpedro.com.ar\/sitio\/wp-json\/wp\/v2\/types\/post"}],"author":[{"embeddable":true,"href":"https:\/\/eldiariodesanpedro.com.ar\/sitio\/wp-json\/wp\/v2\/users\/4"}],"replies":[{"embeddable":true,"href":"https:\/\/eldiariodesanpedro.com.ar\/sitio\/wp-json\/wp\/v2\/comments?post=43143"}],"version-history":[{"count":1,"href":"https:\/\/eldiariodesanpedro.com.ar\/sitio\/wp-json\/wp\/v2\/posts\/43143\/revisions"}],"predecessor-version":[{"id":43145,"href":"https:\/\/eldiariodesanpedro.com.ar\/sitio\/wp-json\/wp\/v2\/posts\/43143\/revisions\/43145"}],"wp:featuredmedia":[{"embeddable":true,"href":"https:\/\/eldiariodesanpedro.com.ar\/sitio\/wp-json\/wp\/v2\/media\/39230"}],"wp:attachment":[{"href":"https:\/\/eldiariodesanpedro.com.ar\/sitio\/wp-json\/wp\/v2\/media?parent=43143"}],"wp:term":[{"taxonomy":"category","embeddable":true,"href":"https:\/\/eldiariodesanpedro.com.ar\/sitio\/wp-json\/wp\/v2\/categories?post=43143"},{"taxonomy":"post_tag","embeddable":true,"href":"https:\/\/eldiariodesanpedro.com.ar\/sitio\/wp-json\/wp\/v2\/tags?post=43143"}],"curies":[{"name":"wp","href":"https:\/\/api.w.org\/{rel}","templated":true}]}}